{"id":2240,"date":"2024-11-06T11:06:28","date_gmt":"2024-11-06T11:06:28","guid":{"rendered":"https:\/\/www.iatifema.com.br\/?p=2240"},"modified":"2024-11-06T11:06:28","modified_gmt":"2024-11-06T11:06:28","slug":"academicos-da-fema-apresentam-propostas-de-melhorias-para-empresa-incubada-iati","status":"publish","type":"post","link":"https:\/\/www.iatifema.com.br\/index.php\/2024\/11\/06\/academicos-da-fema-apresentam-propostas-de-melhorias-para-empresa-incubada-iati\/","title":{"rendered":"Acad\u00eamicos da FEMA apresentam propostas de melhorias para empresa incubada IATI"},"content":{"rendered":"\n<p>Na noite do dia 5 de novembro, os alunos dos cursos de Administra\u00e7\u00e3o e Ci\u00eancias Cont\u00e1beis das Faculdades Integradas Machado de Assis (FEMA) participaram de mais uma atividade pr\u00e1tica em parceria com a empres\u00e1ria Diana Liege Johann, propriet\u00e1ria da marca de perfumes \u201cGarota Cheirosa\u201d. A aula, realizada durante a disciplina de Psicologia nas Organiza\u00e7\u00f5es, ministrada pela professora Camila C\u00e2mara, representou uma nova oportunidade de aprendizado para os estudantes e um momento importante de troca de ideias para o crescimento da marca.<\/p>\n\n\n\n<p>Diana, que j\u00e1 havia participado de um encontro anterior com os alunos, retornou \u00e0 sala de aula para receber novas propostas de planejamento e melhorias desenvolvidas pelos estudantes. As sugest\u00f5es apresentadas abordaram diversas \u00e1reas de atua\u00e7\u00e3o da \u201cGarota Cheirosa\u201d, desde estrat\u00e9gias de redes sociais, vendas e relacionamento com o cliente at\u00e9 o fortalecimento do posicionamento da marca e a\u00e7\u00f5es de fideliza\u00e7\u00e3o.<\/p>\n\n\n\n<p>A empres\u00e1ria compartilhou seu entusiasmo com as ideias e reconheceu os desafios que enfrentar\u00e1 para implementar as recomenda\u00e7\u00f5es, enfatizando a import\u00e2ncia das contribui\u00e7\u00f5es dos alunos para o seu crescimento profissional e o da empresa. A atividade n\u00e3o s\u00f3 refor\u00e7ou a conex\u00e3o entre a teoria e a pr\u00e1tica, mas tamb\u00e9m contribuiu para o desenvolvimento de compet\u00eancias essenciais para o mercado de trabalho.<\/p>\n\n\n\n<figure class=\"wp-block-image size-large\"><img decoding=\"async\" src=\"https:\/\/www.iatifema.com.br\/wp-content\/uploads\/2024\/11\/WhatsApp-Image-2024-11-05-at-23.50.11-1024x768.jpeg\" alt=\"\" class=\"wp-image-2241\"\/><\/figure>\n\n\n\n<figure class=\"wp-block-image size-large\"><img decoding=\"async\" src=\"https:\/\/www.iatifema.com.br\/wp-content\/uploads\/2024\/11\/WhatsApp-Image-2024-11-05-at-23.50.11-1-768x1024.jpeg\" alt=\"\" class=\"wp-image-2242\"\/><\/figure>\n\n\n\n<div style=\"height:100px\" aria-hidden=\"true\" class=\"wp-block-spacer\"><\/div>\n","protected":false},"excerpt":{"rendered":"<p>Na noite do dia 5 de novembro, os alunos dos cursos de Administra\u00e7\u00e3o e Ci\u00eancias Cont\u00e1beis das Faculdades Integradas Machado de Assis (FEMA) participaram de mais uma atividade pr\u00e1tica em parceria com a empres\u00e1ria Diana Liege Johann, propriet\u00e1ria da marca de perfumes \u201cGarota Cheirosa\u201d. A aula, realizada durante a disciplina [&hellip;]<\/p>\n","protected":false},"author":1,"featured_media":0,"comment_status":"closed","ping_status":"closed","sticky":false,"template":"","format":"standard","meta":{"footnotes":""},"categories":[9],"tags":[],"class_list":["post-2240","post","type-post","status-publish","format-standard","hentry","category-noticias-2024"],"_links":{"self":[{"href":"https:\/\/www.iatifema.com.br\/index.php\/wp-json\/wp\/v2\/posts\/2240","targetHints":{"allow":["GET"]}}],"collection":[{"href":"https:\/\/www.iatifema.com.br\/index.php\/wp-json\/wp\/v2\/posts"}],"about":[{"href":"https:\/\/www.iatifema.com.br\/index.php\/wp-json\/wp\/v2\/types\/post"}],"author":[{"embeddable":true,"href":"https:\/\/www.iatifema.com.br\/index.php\/wp-json\/wp\/v2\/users\/1"}],"replies":[{"embeddable":true,"href":"https:\/\/www.iatifema.com.br\/index.php\/wp-json\/wp\/v2\/comments?post=2240"}],"version-history":[{"count":0,"href":"https:\/\/www.iatifema.com.br\/index.php\/wp-json\/wp\/v2\/posts\/2240\/revisions"}],"wp:attachment":[{"href":"https:\/\/www.iatifema.com.br\/index.php\/wp-json\/wp\/v2\/media?parent=2240"}],"wp:term":[{"taxonomy":"category","embeddable":true,"href":"https:\/\/www.iatifema.com.br\/index.php\/wp-json\/wp\/v2\/categories?post=2240"},{"taxonomy":"post_tag","embeddable":true,"href":"https:\/\/www.iatifema.com.br\/index.php\/wp-json\/wp\/v2\/tags?post=2240"}],"curies":[{"name":"wp","href":"https:\/\/api.w.org\/{rel}","templated":true}]}}