{"id":2232,"date":"2024-10-29T11:24:08","date_gmt":"2024-10-29T11:24:08","guid":{"rendered":"https:\/\/www.iatifema.com.br\/?p=2232"},"modified":"2024-10-29T11:24:08","modified_gmt":"2024-10-29T11:24:08","slug":"academicos-da-fema-participam-de-aula-especial-com-empreendedora-no-setor-de-estetica","status":"publish","type":"post","link":"https:\/\/www.iatifema.com.br\/index.php\/2024\/10\/29\/academicos-da-fema-participam-de-aula-especial-com-empreendedora-no-setor-de-estetica\/","title":{"rendered":"Acad\u00eamicos da FEMA participam de aula especial com empreendedora no setor de est\u00e9tica"},"content":{"rendered":"\n<p>Nesta segunda-feira, 28 de outubro, estudantes dos cursos de Administra\u00e7\u00e3o e Ci\u00eancias Cont\u00e1beis da Funda\u00e7\u00e3o Educacional Machado de Assis (FEMA) participaram de uma aula especial voltada \u00e0 pr\u00e1tica empreendedora e inova\u00e7\u00e3o, com a participa\u00e7\u00e3o de Pamela Durigon, fundadora da empresa Pamela Durigon &#8211; Especialista em Sobrancelhas. A atividade integrou os conte\u00fados das disciplinas de Contabilidade Empresarial e Intermedi\u00e1ria, Direito Tribut\u00e1rio, e Rela\u00e7\u00f5es Interorganizacionais, Negocia\u00e7\u00e3o e Internacionaliza\u00e7\u00e3o, sob a organiza\u00e7\u00e3o dos professores Jonas Bordim, Emily Pinceta e Natalie Schmidt.<\/p>\n\n\n\n<p>A empreendedora, cuja empresa \u00e9 incubada pela Incubadora Acad\u00eamica de Tecnologia e Inova\u00e7\u00e3o (IATI-FEMA), trouxe aos alunos uma vis\u00e3o aprofundada sobre os desafios da gest\u00e3o no setor de est\u00e9tica. Com uma trajet\u00f3ria not\u00e1vel na \u00e1rea, Pamela compartilhou experi\u00eancias de sua jornada empreendedora e as estrat\u00e9gias que consolidaram sua marca.<\/p>\n\n\n\n<p>Durante a aula, os alunos participaram de discuss\u00f5es e cases pr\u00e1ticos, que ilustraram os desafios enfrentados por Pamela e as oportunidades identificadas no setor. Para os docentes envolvidos, a participa\u00e7\u00e3o de empreendedores no ambiente acad\u00eamico permite uma conex\u00e3o entre teoria e pr\u00e1tica, proporcionando aos alunos insights valiosos em \u00e1reas como gest\u00e3o, contabilidade e direito.<\/p>\n\n\n\n<p>A IATI-FEMA, respons\u00e1vel por promover a intera\u00e7\u00e3o entre o meio acad\u00eamico e o mundo dos neg\u00f3cios, reafirma, com atividades como essa, seu compromisso com o desenvolvimento de compet\u00eancias essenciais para os futuros profissionais, como lideran\u00e7a, comunica\u00e7\u00e3o e trabalho em equipe. Essas experi\u00eancias ajudam a preparar os estudantes para os desafios do mercado de trabalho, ampliando sua vis\u00e3o sobre o cen\u00e1rio profissional atual.<\/p>\n\n\n\n<figure class=\"wp-block-gallery columns-3 is-cropped wp-block-gallery-1 is-layout-flex wp-block-gallery-is-layout-flex\"><ul class=\"blocks-gallery-grid\"><li class=\"blocks-gallery-item\"><figure><img decoding=\"async\" src=\"https:\/\/www.iatifema.com.br\/wp-content\/uploads\/2024\/10\/WhatsApp-Image-2024-10-28-at-23.33.30-1024x579.jpeg\" alt=\"\" data-id=\"2233\" data-full-url=\"https:\/\/www.iatifema.com.br\/wp-content\/uploads\/2024\/10\/WhatsApp-Image-2024-10-28-at-23.33.30.jpeg\" data-link=\"https:\/\/www.iatifema.com.br\/?attachment_id=2233\" class=\"wp-image-2233\"\/><\/figure><\/li><li class=\"blocks-gallery-item\"><figure><img decoding=\"async\" src=\"https:\/\/www.iatifema.com.br\/wp-content\/uploads\/2024\/10\/WhatsApp-Image-2024-10-28-at-23.33.31-1-576x1024.jpeg\" alt=\"\" data-id=\"2234\" data-full-url=\"https:\/\/www.iatifema.com.br\/wp-content\/uploads\/2024\/10\/WhatsApp-Image-2024-10-28-at-23.33.31-1.jpeg\" data-link=\"https:\/\/www.iatifema.com.br\/?attachment_id=2234\" class=\"wp-image-2234\"\/><\/figure><\/li><li class=\"blocks-gallery-item\"><figure><img decoding=\"async\" src=\"https:\/\/www.iatifema.com.br\/wp-content\/uploads\/2024\/10\/WhatsApp-Image-2024-10-28-at-23.33.31-2-1024x576.jpeg\" alt=\"\" data-id=\"2235\" data-full-url=\"https:\/\/www.iatifema.com.br\/wp-content\/uploads\/2024\/10\/WhatsApp-Image-2024-10-28-at-23.33.31-2.jpeg\" data-link=\"https:\/\/www.iatifema.com.br\/?attachment_id=2235\" class=\"wp-image-2235\"\/><\/figure><\/li><li class=\"blocks-gallery-item\"><figure><img decoding=\"async\" src=\"https:\/\/www.iatifema.com.br\/wp-content\/uploads\/2024\/10\/WhatsApp-Image-2024-10-28-at-23.33.31-1024x576.jpeg\" alt=\"\" data-id=\"2236\" data-full-url=\"https:\/\/www.iatifema.com.br\/wp-content\/uploads\/2024\/10\/WhatsApp-Image-2024-10-28-at-23.33.31.jpeg\" data-link=\"https:\/\/www.iatifema.com.br\/?attachment_id=2236\" class=\"wp-image-2236\"\/><\/figure><\/li><\/ul><\/figure>\n\n\n\n<div style=\"height:100px\" aria-hidden=\"true\" class=\"wp-block-spacer\"><\/div>\n","protected":false},"excerpt":{"rendered":"<p>Nesta segunda-feira, 28 de outubro, estudantes dos cursos de Administra\u00e7\u00e3o e Ci\u00eancias Cont\u00e1beis da Funda\u00e7\u00e3o Educacional Machado de Assis (FEMA) participaram de uma aula especial voltada \u00e0 pr\u00e1tica empreendedora e inova\u00e7\u00e3o, com a participa\u00e7\u00e3o de Pamela Durigon, fundadora da empresa Pamela Durigon &#8211; Especialista em Sobrancelhas. A atividade integrou os [&hellip;]<\/p>\n","protected":false},"author":1,"featured_media":0,"comment_status":"closed","ping_status":"closed","sticky":false,"template":"","format":"standard","meta":{"footnotes":""},"categories":[9],"tags":[],"class_list":["post-2232","post","type-post","status-publish","format-standard","hentry","category-noticias-2024"],"_links":{"self":[{"href":"https:\/\/www.iatifema.com.br\/index.php\/wp-json\/wp\/v2\/posts\/2232","targetHints":{"allow":["GET"]}}],"collection":[{"href":"https:\/\/www.iatifema.com.br\/index.php\/wp-json\/wp\/v2\/posts"}],"about":[{"href":"https:\/\/www.iatifema.com.br\/index.php\/wp-json\/wp\/v2\/types\/post"}],"author":[{"embeddable":true,"href":"https:\/\/www.iatifema.com.br\/index.php\/wp-json\/wp\/v2\/users\/1"}],"replies":[{"embeddable":true,"href":"https:\/\/www.iatifema.com.br\/index.php\/wp-json\/wp\/v2\/comments?post=2232"}],"version-history":[{"count":0,"href":"https:\/\/www.iatifema.com.br\/index.php\/wp-json\/wp\/v2\/posts\/2232\/revisions"}],"wp:attachment":[{"href":"https:\/\/www.iatifema.com.br\/index.php\/wp-json\/wp\/v2\/media?parent=2232"}],"wp:term":[{"taxonomy":"category","embeddable":true,"href":"https:\/\/www.iatifema.com.br\/index.php\/wp-json\/wp\/v2\/categories?post=2232"},{"taxonomy":"post_tag","embeddable":true,"href":"https:\/\/www.iatifema.com.br\/index.php\/wp-json\/wp\/v2\/tags?post=2232"}],"curies":[{"name":"wp","href":"https:\/\/api.w.org\/{rel}","templated":true}]}}