{"id":2224,"date":"2024-10-25T11:41:51","date_gmt":"2024-10-25T11:41:51","guid":{"rendered":"https:\/\/www.iatifema.com.br\/?p=2224"},"modified":"2024-10-25T11:41:51","modified_gmt":"2024-10-25T11:41:51","slug":"academicos-de-administracao-e-ciencias-contabeis-participam-de-aula-especial-com-empreendedora-da-incubadora-academica-da-fema","status":"publish","type":"post","link":"https:\/\/www.iatifema.com.br\/index.php\/2024\/10\/25\/academicos-de-administracao-e-ciencias-contabeis-participam-de-aula-especial-com-empreendedora-da-incubadora-academica-da-fema\/","title":{"rendered":"Acad\u00eamicos de Administra\u00e7\u00e3o e Ci\u00eancias Cont\u00e1beis participam de aula especial com empreendedora da Incubadora Acad\u00eamica da FEMA"},"content":{"rendered":"\n<p>No dia 25 de outubro, acad\u00eamicos dos cursos de Administra\u00e7\u00e3o e Ci\u00eancias Cont\u00e1beis da FEMA, nas disciplinas &#8220;Projeto Integrador II: Gest\u00e3o Estrat\u00e9gica e Sustentabilidade&#8221; e &#8220;Marketing&#8221;, participaram de uma aula especial com a participa\u00e7\u00e3o da empreendedora Karen Danigno, representante da ROTA &#8211; Empreendimentos Imobili\u00e1rios, uma empresa incubada pela Incubadora Acad\u00eamica de Tecnologia e Inova\u00e7\u00e3o (IATI-FEMA). A atividade, organizada pelos professores Jonas Bordim e Danieli Hermes Rodrigues, ofereceu aos alunos uma perspectiva pr\u00e1tica e atual sobre gest\u00e3o e inova\u00e7\u00e3o no mercado imobili\u00e1rio.<\/p>\n\n\n\n<p>Karen Danigno, com uma s\u00f3lida experi\u00eancia na \u00e1rea de engenharia civil, compartilhou a trajet\u00f3ria de sua empresa, destacando os processos e as atividades di\u00e1rias que comp\u00f5em seu cotidiano profissional. Ela abordou os principais servi\u00e7os oferecidos pela ROTA e discutiu os desafios enfrentados no setor, bem como as oportunidades que surgem na din\u00e2mica do mercado imobili\u00e1rio.<\/p>\n\n\n\n<p>A Rota presta servi\u00e7os de constru\u00e7\u00e3o civil, que abrange as residenciais e comerciais. Na \u00e1rea da regulariza\u00e7\u00e3o de im\u00f3veis, trabalha com regulariza\u00e7\u00f5es urbanas e rurais, retifica\u00e7\u00e3o de matr\u00edculas, desmembramentos, extin\u00e7\u00e3o e institui\u00e7\u00e3o de condom\u00ednios e regulariza\u00e7\u00e3o fundi\u00e1ria. Tem por miss\u00e3o oferecer servi\u00e7os especializados e diferenciados dentro dos setores de atua\u00e7\u00e3o, com o foco de atender os desejos dos clientes.<\/p>\n\n\n\n<p>Durante a aula, Karen engajou os alunos com cases reais de sua trajet\u00f3ria, abordando como supera obst\u00e1culos e identifica oportunidades no mercado de constru\u00e7\u00e3o. &#8220;A presen\u00e7a de profissionais atuantes, como a Karen, \u00e9 essencial para aproximar os acad\u00eamicos da pr\u00e1tica do mercado, enriquecendo a teoria com experi\u00eancias reais e li\u00e7\u00f5es valiosas sobre gest\u00e3o estrat\u00e9gica e sustentabilidade&#8221;, afirmou o professor Jonas.<\/p>\n\n\n\n<p>Esse tipo de experi\u00eancia pr\u00e1tica, promovida pela IATI-FEMA, estimula o desenvolvimento de compet\u00eancias essenciais para o futuro profissional, como lideran\u00e7a, comunica\u00e7\u00e3o e trabalho em equipe. Ao se conectarem com empreendedores inovadores, os alunos ganham uma vis\u00e3o ampla e integrada do setor, tornando-se mais preparados para os desafios do mercado de trabalho.<\/p>\n\n\n\n<figure class=\"wp-block-gallery columns-3 is-cropped wp-block-gallery-1 is-layout-flex wp-block-gallery-is-layout-flex\"><ul class=\"blocks-gallery-grid\"><li class=\"blocks-gallery-item\"><figure><img decoding=\"async\" src=\"https:\/\/www.iatifema.com.br\/wp-content\/uploads\/2024\/10\/WhatsApp-Image-2024-10-25-at-08.26.35-1-1024x768.jpeg\" alt=\"\" data-id=\"2225\" data-full-url=\"https:\/\/www.iatifema.com.br\/wp-content\/uploads\/2024\/10\/WhatsApp-Image-2024-10-25-at-08.26.35-1.jpeg\" data-link=\"https:\/\/www.iatifema.com.br\/?attachment_id=2225\" class=\"wp-image-2225\"\/><\/figure><\/li><li class=\"blocks-gallery-item\"><figure><img decoding=\"async\" src=\"https:\/\/www.iatifema.com.br\/wp-content\/uploads\/2024\/10\/WhatsApp-Image-2024-10-25-at-08.26.36-1024x768.jpeg\" alt=\"\" data-id=\"2226\" data-full-url=\"https:\/\/www.iatifema.com.br\/wp-content\/uploads\/2024\/10\/WhatsApp-Image-2024-10-25-at-08.26.36.jpeg\" data-link=\"https:\/\/www.iatifema.com.br\/?attachment_id=2226\" class=\"wp-image-2226\"\/><\/figure><\/li><li class=\"blocks-gallery-item\"><figure><img decoding=\"async\" src=\"https:\/\/www.iatifema.com.br\/wp-content\/uploads\/2024\/10\/WhatsApp-Image-2024-10-25-at-08.26.40-1-1024x604.jpeg\" alt=\"\" data-id=\"2227\" data-full-url=\"https:\/\/www.iatifema.com.br\/wp-content\/uploads\/2024\/10\/WhatsApp-Image-2024-10-25-at-08.26.40-1.jpeg\" data-link=\"https:\/\/www.iatifema.com.br\/?attachment_id=2227\" class=\"wp-image-2227\"\/><\/figure><\/li><li class=\"blocks-gallery-item\"><figure><img decoding=\"async\" src=\"https:\/\/www.iatifema.com.br\/wp-content\/uploads\/2024\/10\/WhatsApp-Image-2024-10-25-at-08.26.41-1-1024x576.jpeg\" alt=\"\" data-id=\"2228\" data-full-url=\"https:\/\/www.iatifema.com.br\/wp-content\/uploads\/2024\/10\/WhatsApp-Image-2024-10-25-at-08.26.41-1.jpeg\" data-link=\"https:\/\/www.iatifema.com.br\/?attachment_id=2228\" class=\"wp-image-2228\"\/><\/figure><\/li><li class=\"blocks-gallery-item\"><figure><img decoding=\"async\" src=\"https:\/\/www.iatifema.com.br\/wp-content\/uploads\/2024\/10\/WhatsApp-Image-2024-10-25-at-08.26.41-1024x576.jpeg\" alt=\"\" data-id=\"2229\" data-full-url=\"https:\/\/www.iatifema.com.br\/wp-content\/uploads\/2024\/10\/WhatsApp-Image-2024-10-25-at-08.26.41.jpeg\" data-link=\"https:\/\/www.iatifema.com.br\/?attachment_id=2229\" class=\"wp-image-2229\"\/><\/figure><\/li><\/ul><\/figure>\n\n\n\n<div style=\"height:100px\" aria-hidden=\"true\" class=\"wp-block-spacer\"><\/div>\n","protected":false},"excerpt":{"rendered":"<p>No dia 25 de outubro, acad\u00eamicos dos cursos de Administra\u00e7\u00e3o e Ci\u00eancias Cont\u00e1beis da FEMA, nas disciplinas &#8220;Projeto Integrador II: Gest\u00e3o Estrat\u00e9gica e Sustentabilidade&#8221; e &#8220;Marketing&#8221;, participaram de uma aula especial com a participa\u00e7\u00e3o da empreendedora Karen Danigno, representante da ROTA &#8211; Empreendimentos Imobili\u00e1rios, uma empresa incubada pela Incubadora Acad\u00eamica [&hellip;]<\/p>\n","protected":false},"author":1,"featured_media":0,"comment_status":"closed","ping_status":"closed","sticky":false,"template":"","format":"standard","meta":{"footnotes":""},"categories":[9],"tags":[],"class_list":["post-2224","post","type-post","status-publish","format-standard","hentry","category-noticias-2024"],"_links":{"self":[{"href":"https:\/\/www.iatifema.com.br\/index.php\/wp-json\/wp\/v2\/posts\/2224","targetHints":{"allow":["GET"]}}],"collection":[{"href":"https:\/\/www.iatifema.com.br\/index.php\/wp-json\/wp\/v2\/posts"}],"about":[{"href":"https:\/\/www.iatifema.com.br\/index.php\/wp-json\/wp\/v2\/types\/post"}],"author":[{"embeddable":true,"href":"https:\/\/www.iatifema.com.br\/index.php\/wp-json\/wp\/v2\/users\/1"}],"replies":[{"embeddable":true,"href":"https:\/\/www.iatifema.com.br\/index.php\/wp-json\/wp\/v2\/comments?post=2224"}],"version-history":[{"count":0,"href":"https:\/\/www.iatifema.com.br\/index.php\/wp-json\/wp\/v2\/posts\/2224\/revisions"}],"wp:attachment":[{"href":"https:\/\/www.iatifema.com.br\/index.php\/wp-json\/wp\/v2\/media?parent=2224"}],"wp:term":[{"taxonomy":"category","embeddable":true,"href":"https:\/\/www.iatifema.com.br\/index.php\/wp-json\/wp\/v2\/categories?post=2224"},{"taxonomy":"post_tag","embeddable":true,"href":"https:\/\/www.iatifema.com.br\/index.php\/wp-json\/wp\/v2\/tags?post=2224"}],"curies":[{"name":"wp","href":"https:\/\/api.w.org\/{rel}","templated":true}]}}