{"id":2202,"date":"2024-10-11T11:09:03","date_gmt":"2024-10-11T11:09:03","guid":{"rendered":"https:\/\/www.iatifema.com.br\/?p=2202"},"modified":"2024-10-11T11:09:03","modified_gmt":"2024-10-11T11:09:03","slug":"empresaria-vinculada-a-iati-fema-participa-de-aula-nas-faculdades-integradas-machado-de-assis","status":"publish","type":"post","link":"https:\/\/www.iatifema.com.br\/index.php\/2024\/10\/11\/empresaria-vinculada-a-iati-fema-participa-de-aula-nas-faculdades-integradas-machado-de-assis\/","title":{"rendered":"Empres\u00e1ria vinculada \u00e0 IATI-FEMA participa de aula nas Faculdades Integradas Machado de Assis"},"content":{"rendered":"\n<p>No dia 10 de outubro, os alunos das disciplinas Projeto Integrador I: Lideran\u00e7a e Desenvolvimento de Equipes e Projeto Integrador II: Gest\u00e3o Estrat\u00e9gica e Sustentabilidade, das Faculdades Integradas Machado de Assis (FEMA), tiveram uma aula especial com a presen\u00e7a da empreendedora e professora Tatiana Rangel. As disciplinas s\u00e3o ministradas pelos professores Camila C\u00e2mara e Jonas Bordim.<\/p>\n\n\n\n<p>Tatiana Rangel, empres\u00e1ria vinculada \u00e0 Incubadora Acad\u00eamica de Tecnologia e Inova\u00e7\u00e3o (IATI-FEMA), atua nas \u00e1reas de Educa\u00e7\u00e3o Parental e C\u00edrculos de Conex\u00e3o Corporativa, onde auxilia fam\u00edlias no fortalecimento de la\u00e7os saud\u00e1veis com seus filhos e oferece apoio a colaboradores em suas jornadas profissionais. Ela tamb\u00e9m \u00e9 certificada pela AJURIS como facilitadora de C\u00edrculos de Constru\u00e7\u00e3o de Paz e em Justi\u00e7a Restaurativa.<\/p>\n\n\n\n<p>Durante a aula, Tatiana demonstrou algumas de suas atividades profissionais na pr\u00e1tica, interagindo com os alunos e compartilhando suas experi\u00eancias no empreendedorismo, al\u00e9m de relatar os desafios e oportunidades de sua trajet\u00f3ria.<\/p>\n\n\n\n<p>A presen\u00e7a de profissionais como Tatiana Rangel nas aulas \u00e9 fundamental para conectar a teoria acad\u00eamica com a pr\u00e1tica do mercado. Ao trazer exemplos concretos de sua experi\u00eancia no empreendedorismo e no ambiente corporativo, ela enriquece o processo de ensino-aprendizagem e oferece aos alunos uma vis\u00e3o mais ampla sobre gest\u00e3o estrat\u00e9gica, sustentabilidade e lideran\u00e7a.<\/p>\n\n\n\n<p>Essas atividades tamb\u00e9m promovem o desenvolvimento de habilidades interpessoais, como lideran\u00e7a, trabalho em equipe e comunica\u00e7\u00e3o \u2014 compet\u00eancias essenciais para qualquer carreira. A participa\u00e7\u00e3o dos alunos em din\u00e2micas pr\u00e1ticas e o contato com profissionais inovadores, como Tatiana, s\u00e3o oportunidades valiosas para prepar\u00e1-los melhor para os desafios do mercado de trabalho.<\/p>\n\n\n\n<figure class=\"wp-block-gallery columns-3 is-cropped wp-block-gallery-1 is-layout-flex wp-block-gallery-is-layout-flex\"><ul class=\"blocks-gallery-grid\"><li class=\"blocks-gallery-item\"><figure><img decoding=\"async\" src=\"https:\/\/www.iatifema.com.br\/wp-content\/uploads\/2024\/10\/WhatsApp-Image-2024-10-11-at-07.42.52-1024x576.jpeg\" alt=\"\" data-id=\"2203\" data-full-url=\"https:\/\/www.iatifema.com.br\/wp-content\/uploads\/2024\/10\/WhatsApp-Image-2024-10-11-at-07.42.52.jpeg\" data-link=\"https:\/\/www.iatifema.com.br\/?attachment_id=2203\" class=\"wp-image-2203\"\/><\/figure><\/li><li class=\"blocks-gallery-item\"><figure><img decoding=\"async\" src=\"https:\/\/www.iatifema.com.br\/wp-content\/uploads\/2024\/10\/WhatsApp-Image-2024-10-11-at-07.42.53-1-1024x576.jpeg\" alt=\"\" data-id=\"2204\" data-full-url=\"https:\/\/www.iatifema.com.br\/wp-content\/uploads\/2024\/10\/WhatsApp-Image-2024-10-11-at-07.42.53-1.jpeg\" data-link=\"https:\/\/www.iatifema.com.br\/?attachment_id=2204\" class=\"wp-image-2204\"\/><\/figure><\/li><li class=\"blocks-gallery-item\"><figure><img decoding=\"async\" src=\"https:\/\/www.iatifema.com.br\/wp-content\/uploads\/2024\/10\/WhatsApp-Image-2024-10-11-at-07.42.53-2-1024x576.jpeg\" alt=\"\" data-id=\"2205\" data-full-url=\"https:\/\/www.iatifema.com.br\/wp-content\/uploads\/2024\/10\/WhatsApp-Image-2024-10-11-at-07.42.53-2.jpeg\" data-link=\"https:\/\/www.iatifema.com.br\/?attachment_id=2205\" class=\"wp-image-2205\"\/><\/figure><\/li><li class=\"blocks-gallery-item\"><figure><img decoding=\"async\" src=\"https:\/\/www.iatifema.com.br\/wp-content\/uploads\/2024\/10\/WhatsApp-Image-2024-10-11-at-07.42.53-3-1024x576.jpeg\" alt=\"\" data-id=\"2206\" data-full-url=\"https:\/\/www.iatifema.com.br\/wp-content\/uploads\/2024\/10\/WhatsApp-Image-2024-10-11-at-07.42.53-3.jpeg\" data-link=\"https:\/\/www.iatifema.com.br\/?attachment_id=2206\" class=\"wp-image-2206\"\/><\/figure><\/li><li class=\"blocks-gallery-item\"><figure><img decoding=\"async\" src=\"https:\/\/www.iatifema.com.br\/wp-content\/uploads\/2024\/10\/WhatsApp-Image-2024-10-11-at-07.42.53-736x1024.jpeg\" alt=\"\" data-id=\"2207\" data-full-url=\"https:\/\/www.iatifema.com.br\/wp-content\/uploads\/2024\/10\/WhatsApp-Image-2024-10-11-at-07.42.53.jpeg\" data-link=\"https:\/\/www.iatifema.com.br\/?attachment_id=2207\" class=\"wp-image-2207\"\/><\/figure><\/li><\/ul><\/figure>\n\n\n\n<div style=\"height:100px\" aria-hidden=\"true\" class=\"wp-block-spacer\"><\/div>\n","protected":false},"excerpt":{"rendered":"<p>No dia 10 de outubro, os alunos das disciplinas Projeto Integrador I: Lideran\u00e7a e Desenvolvimento de Equipes e Projeto Integrador II: Gest\u00e3o Estrat\u00e9gica e Sustentabilidade, das Faculdades Integradas Machado de Assis (FEMA), tiveram uma aula especial com a presen\u00e7a da empreendedora e professora Tatiana Rangel. As disciplinas s\u00e3o ministradas pelos [&hellip;]<\/p>\n","protected":false},"author":1,"featured_media":0,"comment_status":"closed","ping_status":"closed","sticky":false,"template":"","format":"standard","meta":{"footnotes":""},"categories":[9],"tags":[],"class_list":["post-2202","post","type-post","status-publish","format-standard","hentry","category-noticias-2024"],"_links":{"self":[{"href":"https:\/\/www.iatifema.com.br\/index.php\/wp-json\/wp\/v2\/posts\/2202","targetHints":{"allow":["GET"]}}],"collection":[{"href":"https:\/\/www.iatifema.com.br\/index.php\/wp-json\/wp\/v2\/posts"}],"about":[{"href":"https:\/\/www.iatifema.com.br\/index.php\/wp-json\/wp\/v2\/types\/post"}],"author":[{"embeddable":true,"href":"https:\/\/www.iatifema.com.br\/index.php\/wp-json\/wp\/v2\/users\/1"}],"replies":[{"embeddable":true,"href":"https:\/\/www.iatifema.com.br\/index.php\/wp-json\/wp\/v2\/comments?post=2202"}],"version-history":[{"count":0,"href":"https:\/\/www.iatifema.com.br\/index.php\/wp-json\/wp\/v2\/posts\/2202\/revisions"}],"wp:attachment":[{"href":"https:\/\/www.iatifema.com.br\/index.php\/wp-json\/wp\/v2\/media?parent=2202"}],"wp:term":[{"taxonomy":"category","embeddable":true,"href":"https:\/\/www.iatifema.com.br\/index.php\/wp-json\/wp\/v2\/categories?post=2202"},{"taxonomy":"post_tag","embeddable":true,"href":"https:\/\/www.iatifema.com.br\/index.php\/wp-json\/wp\/v2\/tags?post=2202"}],"curies":[{"name":"wp","href":"https:\/\/api.w.org\/{rel}","templated":true}]}}