{"id":2197,"date":"2024-09-27T11:11:51","date_gmt":"2024-09-27T11:11:51","guid":{"rendered":"https:\/\/www.iatifema.com.br\/?p=2197"},"modified":"2024-09-27T11:11:51","modified_gmt":"2024-09-27T11:11:51","slug":"empresaria-vinculada-a-iati-compartilha-experiencia-de-lideranca-com-alunos-de-administracao-e-contabeis-da-fema","status":"publish","type":"post","link":"https:\/\/www.iatifema.com.br\/index.php\/2024\/09\/27\/empresaria-vinculada-a-iati-compartilha-experiencia-de-lideranca-com-alunos-de-administracao-e-contabeis-da-fema\/","title":{"rendered":"Empres\u00e1ria vinculada a IATI compartilha experi\u00eancia de lideran\u00e7a com alunos de Administra\u00e7\u00e3o e Cont\u00e1beis da FEMA"},"content":{"rendered":"\n<p>Na noite de 26 de setembro de 2024, os estudantes dos cursos de Administra\u00e7\u00e3o e Ci\u00eancias Cont\u00e1beis das Faculdades Integradas Machado de Assis (FEMA) participaram de uma atividade especial na disciplina &#8220;Projeto Integrador I: Lideran\u00e7a e Desenvolvimento de Equipes&#8221;. A empres\u00e1ria Pamela Durigon, atuante no ramo da est\u00e9tica e vinculada \u00e0 Incubadora Acad\u00eamica de Tecnologia e Inova\u00e7\u00e3o (IATI-FEMA), foi a convidada da noite e compartilhou sua trajet\u00f3ria e desafios \u00e0 frente de uma nova equipe de trabalho.<\/p>\n\n\n\n<p>Pamela Durigon \u00e9 especialista em sobrancelhas, com 15 anos de experi\u00eancia na \u00e1rea da beleza, dos quais 10 foram dedicados \u00e0 sua carreira como empres\u00e1ria no ramo. Com expertise em procedimentos que v\u00e3o desde os mais simples at\u00e9 os mais complexos, Pamela se destaca por elevar a autoestima e promover o bem-estar de seus clientes. Reconhecida como refer\u00eancia no setor, ela ministra cursos para compartilhar seu vasto conhecimento e formar alunas preparadas para ingressar no mercado de trabalho.<\/p>\n\n\n\n<p>Os alunos tiveram a oportunidade de conhecer o diferencial de Pamela em seu setor e foram desafiados a pensar em estrat\u00e9gias de suporte para o seu neg\u00f3cio. O momento gerou uma rica troca de experi\u00eancias entre a empres\u00e1ria e os acad\u00eamicos. Tanto Pamela quanto os alunos destacaram a relev\u00e2ncia do di\u00e1logo e das propostas discutidas durante o encontro.<\/p>\n\n\n\n<p>A atividade foi organizada pela professora Camila C\u00e2mara e proporcionou um valioso aprendizado pr\u00e1tico para os futuros profissionais. A participa\u00e7\u00e3o de empresas com casos reais em sala de aula \u00e9 fundamental para aproximar os estudantes dos desafios do mercado de trabalho. Esse tipo de intera\u00e7\u00e3o permite que os alunos apliquem seus conhecimentos em situa\u00e7\u00f5es concretas, desenvolvendo solu\u00e7\u00f5es inovadoras e conectando teoria \u00e0 pr\u00e1tica de forma din\u00e2mica e enriquecedora.<\/p>\n\n\n\n<figure class=\"wp-block-image size-large\"><img decoding=\"async\" src=\"https:\/\/www.iatifema.com.br\/wp-content\/uploads\/2024\/09\/Camila-e-Pamela-1024x768.jpeg\" alt=\"\" class=\"wp-image-2198\"\/><\/figure>\n\n\n\n<div style=\"height:100px\" aria-hidden=\"true\" class=\"wp-block-spacer\"><\/div>\n","protected":false},"excerpt":{"rendered":"<p>Na noite de 26 de setembro de 2024, os estudantes dos cursos de Administra\u00e7\u00e3o e Ci\u00eancias Cont\u00e1beis das Faculdades Integradas Machado de Assis (FEMA) participaram de uma atividade especial na disciplina &#8220;Projeto Integrador I: Lideran\u00e7a e Desenvolvimento de Equipes&#8221;. A empres\u00e1ria Pamela Durigon, atuante no ramo da est\u00e9tica e vinculada [&hellip;]<\/p>\n","protected":false},"author":1,"featured_media":0,"comment_status":"closed","ping_status":"closed","sticky":false,"template":"","format":"standard","meta":{"footnotes":""},"categories":[9],"tags":[],"class_list":["post-2197","post","type-post","status-publish","format-standard","hentry","category-noticias-2024"],"_links":{"self":[{"href":"https:\/\/www.iatifema.com.br\/index.php\/wp-json\/wp\/v2\/posts\/2197","targetHints":{"allow":["GET"]}}],"collection":[{"href":"https:\/\/www.iatifema.com.br\/index.php\/wp-json\/wp\/v2\/posts"}],"about":[{"href":"https:\/\/www.iatifema.com.br\/index.php\/wp-json\/wp\/v2\/types\/post"}],"author":[{"embeddable":true,"href":"https:\/\/www.iatifema.com.br\/index.php\/wp-json\/wp\/v2\/users\/1"}],"replies":[{"embeddable":true,"href":"https:\/\/www.iatifema.com.br\/index.php\/wp-json\/wp\/v2\/comments?post=2197"}],"version-history":[{"count":0,"href":"https:\/\/www.iatifema.com.br\/index.php\/wp-json\/wp\/v2\/posts\/2197\/revisions"}],"wp:attachment":[{"href":"https:\/\/www.iatifema.com.br\/index.php\/wp-json\/wp\/v2\/media?parent=2197"}],"wp:term":[{"taxonomy":"category","embeddable":true,"href":"https:\/\/www.iatifema.com.br\/index.php\/wp-json\/wp\/v2\/categories?post=2197"},{"taxonomy":"post_tag","embeddable":true,"href":"https:\/\/www.iatifema.com.br\/index.php\/wp-json\/wp\/v2\/tags?post=2197"}],"curies":[{"name":"wp","href":"https:\/\/api.w.org\/{rel}","templated":true}]}}