{"id":2190,"date":"2024-09-18T12:04:21","date_gmt":"2024-09-18T12:04:21","guid":{"rendered":"https:\/\/www.iatifema.com.br\/?p=2190"},"modified":"2024-09-18T12:04:21","modified_gmt":"2024-09-18T12:04:21","slug":"academicos-da-fema-participam-de-atividade-pratica-com-empresaria-da-incubadora-academica","status":"publish","type":"post","link":"https:\/\/www.iatifema.com.br\/index.php\/2024\/09\/18\/academicos-da-fema-participam-de-atividade-pratica-com-empresaria-da-incubadora-academica\/","title":{"rendered":"Acad\u00eamicos da FEMA participam de atividade pr\u00e1tica com empres\u00e1ria da Incubadora Acad\u00eamica"},"content":{"rendered":"\n<p>Na noite da \u00faltima ter\u00e7a-feira, 17, os alunos dos cursos de Ci\u00eancias Cont\u00e1beis e Administra\u00e7\u00e3o das Faculdades Integradas Machado de Assis (FEMA) tiveram uma oportunidade especial durante a disciplina de Psicologia nas Organiza\u00e7\u00f5es, ministrada pela professora Camila C\u00e2mara. O encontro contou com a presen\u00e7a de Diana Liege Johann, empres\u00e1ria e propriet\u00e1ria da marca de perfumes @_.garota_cheirosa, vinculada \u00e0 Incubadora Acad\u00eamica de Tecnologia e Inova\u00e7\u00e3o (IATI-FEMA).<\/p>\n\n\n\n<p>A marca &#8220;Garota Cheirosa&#8221;, uma loja virtual de perfumes, traz como proposta oferecer ao cliente um toque de sofistica\u00e7\u00e3o e exclusividade atrav\u00e9s de fragr\u00e2ncias cuidadosamente selecionadas, inspiradas nas mais amadas fragr\u00e2ncias importadas. Durante a atividade, Diana compartilhou com os alunos os desafios que enfrenta no dia a dia de sua empresa e apresentou amostras de seus perfumes para que todos pudessem conhecer as fragr\u00e2ncias.<\/p>\n\n\n\n<p>Divididos em grupos, os estudantes passaram a trabalhar em estrat\u00e9gias de neg\u00f3cio para a &#8220;Garota Cheirosa&#8221;, abordando desde o atendimento ao cliente at\u00e9 o p\u00f3s-venda. A atividade est\u00e1 em desenvolvimento e culminar\u00e1 em uma apresenta\u00e7\u00e3o futura. Para a maioria dos alunos, essa foi a primeira experi\u00eancia pr\u00e1tica com uma empresa incubada, e o interesse em aplicar as teorias discutidas em sala de aula foi evidente.<\/p>\n\n\n\n<p>Essa viv\u00eancia pr\u00e1tica fortalece a conex\u00e3o entre o ambiente acad\u00eamico e o mercado, estimulando o desenvolvimento de compet\u00eancias essenciais para o sucesso profissional.<\/p>\n\n\n\n<figure class=\"wp-block-image size-large is-resized\"><img loading=\"lazy\" decoding=\"async\" src=\"https:\/\/www.iatifema.com.br\/wp-content\/uploads\/2024\/09\/WhatsApp-Image-2024-09-17-at-23.56.59-1-1024x655.jpeg\" alt=\"\" class=\"wp-image-2191\" width=\"544\" height=\"347\"\/><\/figure>\n\n\n\n<div style=\"height:100px\" aria-hidden=\"true\" class=\"wp-block-spacer\"><\/div>\n\n\n\n<figure class=\"wp-block-image size-large is-resized\"><img loading=\"lazy\" decoding=\"async\" src=\"https:\/\/www.iatifema.com.br\/wp-content\/uploads\/2024\/09\/WhatsApp-Image-2024-09-17-at-23.56.59-768x1024.jpeg\" alt=\"\" class=\"wp-image-2192\" width=\"386\" height=\"514\"\/><\/figure>\n\n\n\n<figure class=\"wp-block-image size-large is-resized\"><img loading=\"lazy\" decoding=\"async\" src=\"https:\/\/www.iatifema.com.br\/wp-content\/uploads\/2024\/09\/WhatsApp-Image-2024-09-17-at-23.56.58-768x1024.jpeg\" alt=\"\" class=\"wp-image-2193\" width=\"326\" height=\"434\"\/><\/figure>\n\n\n\n<div style=\"height:100px\" aria-hidden=\"true\" class=\"wp-block-spacer\"><\/div>\n","protected":false},"excerpt":{"rendered":"<p>Na noite da \u00faltima ter\u00e7a-feira, 17, os alunos dos cursos de Ci\u00eancias Cont\u00e1beis e Administra\u00e7\u00e3o das Faculdades Integradas Machado de Assis (FEMA) tiveram uma oportunidade especial durante a disciplina de Psicologia nas Organiza\u00e7\u00f5es, ministrada pela professora Camila C\u00e2mara. O encontro contou com a presen\u00e7a de Diana Liege Johann, empres\u00e1ria e [&hellip;]<\/p>\n","protected":false},"author":1,"featured_media":0,"comment_status":"closed","ping_status":"closed","sticky":false,"template":"","format":"standard","meta":{"footnotes":""},"categories":[9],"tags":[],"class_list":["post-2190","post","type-post","status-publish","format-standard","hentry","category-noticias-2024"],"_links":{"self":[{"href":"https:\/\/www.iatifema.com.br\/index.php\/wp-json\/wp\/v2\/posts\/2190","targetHints":{"allow":["GET"]}}],"collection":[{"href":"https:\/\/www.iatifema.com.br\/index.php\/wp-json\/wp\/v2\/posts"}],"about":[{"href":"https:\/\/www.iatifema.com.br\/index.php\/wp-json\/wp\/v2\/types\/post"}],"author":[{"embeddable":true,"href":"https:\/\/www.iatifema.com.br\/index.php\/wp-json\/wp\/v2\/users\/1"}],"replies":[{"embeddable":true,"href":"https:\/\/www.iatifema.com.br\/index.php\/wp-json\/wp\/v2\/comments?post=2190"}],"version-history":[{"count":0,"href":"https:\/\/www.iatifema.com.br\/index.php\/wp-json\/wp\/v2\/posts\/2190\/revisions"}],"wp:attachment":[{"href":"https:\/\/www.iatifema.com.br\/index.php\/wp-json\/wp\/v2\/media?parent=2190"}],"wp:term":[{"taxonomy":"category","embeddable":true,"href":"https:\/\/www.iatifema.com.br\/index.php\/wp-json\/wp\/v2\/categories?post=2190"},{"taxonomy":"post_tag","embeddable":true,"href":"https:\/\/www.iatifema.com.br\/index.php\/wp-json\/wp\/v2\/tags?post=2190"}],"curies":[{"name":"wp","href":"https:\/\/api.w.org\/{rel}","templated":true}]}}