{"id":2176,"date":"2024-08-30T10:58:27","date_gmt":"2024-08-30T10:58:27","guid":{"rendered":"https:\/\/www.iatifema.com.br\/?p=2176"},"modified":"2024-08-30T10:58:27","modified_gmt":"2024-08-30T10:58:27","slug":"fema-marca-presenca-no-vii-congresso-em-ciencia-cultura-e-sociedade-no-paraguai","status":"publish","type":"post","link":"https:\/\/www.iatifema.com.br\/index.php\/2024\/08\/30\/fema-marca-presenca-no-vii-congresso-em-ciencia-cultura-e-sociedade-no-paraguai\/","title":{"rendered":"FEMA Marca Presen\u00e7a no VII Congresso em Ci\u00eancia, Cultura e Sociedade no Paraguai"},"content":{"rendered":"\n<p>A Incubadora Acad\u00eamica de Tecnologia e Inova\u00e7\u00e3o (IATI) das Faculdades Integradas Machado de Assis (FEMA) est\u00e1 participando do VII Congresso em Ci\u00eancia, Cultura e Sociedade, que ocorre entre os dias 29 e 31 de agosto em Encarnaci\u00f3n, Paraguai. O evento re\u00fane especialistas de diversas \u00e1reas para debater os desafios e oportunidades que impactam a sociedade contempor\u00e2nea.<\/p>\n\n\n\n<p>Antonio R. L. Ternes, Diretor das Faculdades FEMA, M\u00f4nica Stormowski, professora dos Cursos Superiores, e Nedisson Gessi, CEO da IATI-FEMA e Coordenador do N\u00facleo de Inova\u00e7\u00e3o e Tecnologias Educacionais (NITED) da FEMA participam do evento, buscando explorar novas perspectivas capazes de impulsionar o desenvolvimento regional e global. <\/p>\n\n\n\n<p>&#8220;Estamos entusiasmados em participar do Congresso que oferece uma plataforma valiosa para o compartilhamento de conhecimentos e a constru\u00e7\u00e3o de solu\u00e7\u00f5es inovadoras para os desafios contempor\u00e2neos&#8221;, destaca o prof. Nedisson.<\/p>\n\n\n\n<p>A participa\u00e7\u00e3o no VII Congresso em Ci\u00eancia, Cultura e Sociedade refor\u00e7a o compromisso da FEMA com a busca constante por inova\u00e7\u00e3o e excel\u00eancia acad\u00eamica. A institui\u00e7\u00e3o valoriza profundamente momentos como esse, onde \u00e9 poss\u00edvel trocar experi\u00eancias, fortalecer parcerias e expandir horizontes. Para a FEMA, estar presente em eventos como esse \u00e9 fundamental para continuar promovendo o desenvolvimento educacional, cient\u00edfico e tecnol\u00f3gico, tanto em n\u00edvel regional quanto global.<\/p>\n\n\n\n<figure class=\"wp-block-image size-large is-resized\"><img loading=\"lazy\" decoding=\"async\" src=\"https:\/\/www.iatifema.com.br\/wp-content\/uploads\/2024\/08\/WhatsApp-Image-2024-08-29-at-18.46.11-768x1024.jpeg\" alt=\"\" class=\"wp-image-2177\" width=\"472\" height=\"629\"\/><\/figure>\n\n\n\n<div style=\"height:100px\" aria-hidden=\"true\" class=\"wp-block-spacer\"><\/div>\n","protected":false},"excerpt":{"rendered":"<p>A Incubadora Acad\u00eamica de Tecnologia e Inova\u00e7\u00e3o (IATI) das Faculdades Integradas Machado de Assis (FEMA) est\u00e1 participando do VII Congresso em Ci\u00eancia, Cultura e Sociedade, que ocorre entre os dias 29 e 31 de agosto em Encarnaci\u00f3n, Paraguai. O evento re\u00fane especialistas de diversas \u00e1reas para debater os desafios e [&hellip;]<\/p>\n","protected":false},"author":1,"featured_media":0,"comment_status":"open","ping_status":"open","sticky":false,"template":"","format":"standard","meta":{"footnotes":""},"categories":[9],"tags":[],"class_list":["post-2176","post","type-post","status-publish","format-standard","hentry","category-noticias-2024"],"_links":{"self":[{"href":"https:\/\/www.iatifema.com.br\/index.php\/wp-json\/wp\/v2\/posts\/2176","targetHints":{"allow":["GET"]}}],"collection":[{"href":"https:\/\/www.iatifema.com.br\/index.php\/wp-json\/wp\/v2\/posts"}],"about":[{"href":"https:\/\/www.iatifema.com.br\/index.php\/wp-json\/wp\/v2\/types\/post"}],"author":[{"embeddable":true,"href":"https:\/\/www.iatifema.com.br\/index.php\/wp-json\/wp\/v2\/users\/1"}],"replies":[{"embeddable":true,"href":"https:\/\/www.iatifema.com.br\/index.php\/wp-json\/wp\/v2\/comments?post=2176"}],"version-history":[{"count":0,"href":"https:\/\/www.iatifema.com.br\/index.php\/wp-json\/wp\/v2\/posts\/2176\/revisions"}],"wp:attachment":[{"href":"https:\/\/www.iatifema.com.br\/index.php\/wp-json\/wp\/v2\/media?parent=2176"}],"wp:term":[{"taxonomy":"category","embeddable":true,"href":"https:\/\/www.iatifema.com.br\/index.php\/wp-json\/wp\/v2\/categories?post=2176"},{"taxonomy":"post_tag","embeddable":true,"href":"https:\/\/www.iatifema.com.br\/index.php\/wp-json\/wp\/v2\/tags?post=2176"}],"curies":[{"name":"wp","href":"https:\/\/api.w.org\/{rel}","templated":true}]}}