{"id":1915,"date":"2023-11-17T11:58:42","date_gmt":"2023-11-17T11:58:42","guid":{"rendered":"https:\/\/www.iatifema.com.br\/?p=1915"},"modified":"2023-11-17T11:58:42","modified_gmt":"2023-11-17T11:58:42","slug":"empresaria-da-iati-participa-de-aula-para-alunos-de-administracao-e-ciencias-contabeis-da-fema","status":"publish","type":"post","link":"https:\/\/www.iatifema.com.br\/index.php\/2023\/11\/17\/empresaria-da-iati-participa-de-aula-para-alunos-de-administracao-e-ciencias-contabeis-da-fema\/","title":{"rendered":"Empres\u00e1ria da IATI participa de aula para Alunos de Administra\u00e7\u00e3o e Ci\u00eancias Cont\u00e1beis da FEMA"},"content":{"rendered":"\n<p>Na noite de quinta-feira, 16, a sala de aula se transformou em uma fonte de inspira\u00e7\u00e3o para os alunos dos cursos de Administra\u00e7\u00e3o e Ci\u00eancias Cont\u00e1beis. A empres\u00e1ria Solange Kerkhoff Seger, da incubada Clube Turismo, compartilhou o case da empresa com os alunos da disciplina de Projeto Integrador II: Gest\u00e3o Estrat\u00e9gica e Sustentabilidade, ministrada pelo professor Jonas Bordim.<\/p>\n\n\n\n<p>A empresa Clube Turismo \u00e9 uma ag\u00eancia de viagens preparada para tornar as experi\u00eancias de seus clientes \u00fanicas e ajudar a criar as mais lindas lembran\u00e7as. Nesse momento especial, Solange apresentou a empresa, tirou d\u00favidas dos alunos e prop\u00f4s o desafio para a turma: a elabora\u00e7\u00e3o uma Planejamento Estrat\u00e9gico para o neg\u00f3cio.<\/p>\n\n\n\n<p>&#8220;A abordagem pr\u00e1tica da aula n\u00e3o apenas enriquece o aprendizado dos alunos, mas tamb\u00e9m os prepara de maneira abrangente para enfrentar os futuros desafios profissionais&#8221;, destacou o professor Jonas. A gestora retornar\u00e1 para assistir as apresenta\u00e7\u00f5es e receber das m\u00e3os dos pr\u00f3prios acad\u00eamicos o planejamento.<\/p>\n\n\n\n<p>As atividades de extens\u00e3o que as Faculdades Integradas Machado de Assis v\u00eam realizando ao longo do semestre aproximam academia e sociedade e permitem que ambos se fortale\u00e7am e auxiliem-se mutuamente em espa\u00e7os como o da sala de aula. A FEMA investe nas mais diversas formas de uso de metodologias ativas na sala de aula, pois \u00e0 medida que o mundo continua a evoluir rapidamente se torna fundamental equipar os alunos com as habilidades necess\u00e1rias para enfrentar os desafios do futuro.<\/p>\n\n\n\n<figure class=\"wp-block-gallery columns-3 is-cropped wp-block-gallery-1 is-layout-flex wp-block-gallery-is-layout-flex\"><ul class=\"blocks-gallery-grid\"><li class=\"blocks-gallery-item\"><figure><img decoding=\"async\" src=\"https:\/\/www.iatifema.com.br\/wp-content\/uploads\/2023\/11\/WhatsApp-Image-2023-11-17-at-08.22.31-1024x689.jpeg\" alt=\"\" data-id=\"1916\" data-full-url=\"https:\/\/www.iatifema.com.br\/wp-content\/uploads\/2023\/11\/WhatsApp-Image-2023-11-17-at-08.22.31-scaled.jpeg\" data-link=\"https:\/\/www.iatifema.com.br\/?attachment_id=1916\" class=\"wp-image-1916\"\/><\/figure><\/li><li class=\"blocks-gallery-item\"><figure><img decoding=\"async\" src=\"https:\/\/www.iatifema.com.br\/wp-content\/uploads\/2023\/11\/WhatsApp-Image-2023-11-17-at-08.22.32-1-1024x576.jpeg\" alt=\"\" data-id=\"1917\" data-full-url=\"https:\/\/www.iatifema.com.br\/wp-content\/uploads\/2023\/11\/WhatsApp-Image-2023-11-17-at-08.22.32-1.jpeg\" data-link=\"https:\/\/www.iatifema.com.br\/?attachment_id=1917\" class=\"wp-image-1917\"\/><\/figure><\/li><li class=\"blocks-gallery-item\"><figure><img decoding=\"async\" src=\"https:\/\/www.iatifema.com.br\/wp-content\/uploads\/2023\/11\/WhatsApp-Image-2023-11-17-at-08.22.32-1024x536.jpeg\" alt=\"\" data-id=\"1918\" data-full-url=\"https:\/\/www.iatifema.com.br\/wp-content\/uploads\/2023\/11\/WhatsApp-Image-2023-11-17-at-08.22.32.jpeg\" data-link=\"https:\/\/www.iatifema.com.br\/?attachment_id=1918\" class=\"wp-image-1918\"\/><\/figure><\/li><\/ul><\/figure>\n","protected":false},"excerpt":{"rendered":"<p>Na noite de quinta-feira, 16, a sala de aula se transformou em uma fonte de inspira\u00e7\u00e3o para os alunos dos cursos de Administra\u00e7\u00e3o e Ci\u00eancias Cont\u00e1beis. A empres\u00e1ria Solange Kerkhoff Seger, da incubada Clube Turismo, compartilhou o case da empresa com os alunos da disciplina de Projeto Integrador II: Gest\u00e3o [&hellip;]<\/p>\n","protected":false},"author":1,"featured_media":0,"comment_status":"closed","ping_status":"closed","sticky":false,"template":"","format":"standard","meta":{"footnotes":""},"categories":[8],"tags":[],"class_list":["post-1915","post","type-post","status-publish","format-standard","hentry","category-noticias-2023"],"_links":{"self":[{"href":"https:\/\/www.iatifema.com.br\/index.php\/wp-json\/wp\/v2\/posts\/1915","targetHints":{"allow":["GET"]}}],"collection":[{"href":"https:\/\/www.iatifema.com.br\/index.php\/wp-json\/wp\/v2\/posts"}],"about":[{"href":"https:\/\/www.iatifema.com.br\/index.php\/wp-json\/wp\/v2\/types\/post"}],"author":[{"embeddable":true,"href":"https:\/\/www.iatifema.com.br\/index.php\/wp-json\/wp\/v2\/users\/1"}],"replies":[{"embeddable":true,"href":"https:\/\/www.iatifema.com.br\/index.php\/wp-json\/wp\/v2\/comments?post=1915"}],"version-history":[{"count":0,"href":"https:\/\/www.iatifema.com.br\/index.php\/wp-json\/wp\/v2\/posts\/1915\/revisions"}],"wp:attachment":[{"href":"https:\/\/www.iatifema.com.br\/index.php\/wp-json\/wp\/v2\/media?parent=1915"}],"wp:term":[{"taxonomy":"category","embeddable":true,"href":"https:\/\/www.iatifema.com.br\/index.php\/wp-json\/wp\/v2\/categories?post=1915"},{"taxonomy":"post_tag","embeddable":true,"href":"https:\/\/www.iatifema.com.br\/index.php\/wp-json\/wp\/v2\/tags?post=1915"}],"curies":[{"name":"wp","href":"https:\/\/api.w.org\/{rel}","templated":true}]}}