{"id":1906,"date":"2023-11-17T11:31:53","date_gmt":"2023-11-17T11:31:53","guid":{"rendered":"https:\/\/www.iatifema.com.br\/?p=1906"},"modified":"2023-11-17T11:31:53","modified_gmt":"2023-11-17T11:31:53","slug":"empresa-incubada-iati-participa-de-atividade-interdisciplinar-dos-cursos-de-graduacao-da-fema","status":"publish","type":"post","link":"https:\/\/www.iatifema.com.br\/index.php\/2023\/11\/17\/empresa-incubada-iati-participa-de-atividade-interdisciplinar-dos-cursos-de-graduacao-da-fema\/","title":{"rendered":"Empresa Incubada IATI participa de Atividade Interdisciplinar dos Cursos de Gradua\u00e7\u00e3o da FEMA"},"content":{"rendered":"\n<p>Os professores Gilson do Amaral, que ministra a disciplina de Introdu\u00e7\u00e3o a Economia, M\u00f4nica Stormowski, que ministra a disciplina de Administra\u00e7\u00e3o Financeira Or\u00e7ament\u00e1ria, e Lauri Heckler, que ministra a disciplina de Administra\u00e7\u00e3o da Produ\u00e7\u00e3o, deram continuidade nesta semana a uma atividade interdisciplinar iniciada no segundo semestre deste ano.<\/p>\n\n\n\n<p>Os acad\u00eamicos dos Cursos de Gradua\u00e7\u00e3o de Administra\u00e7\u00e3o e Ci\u00eancias Cont\u00e1beis, das Faculdades Integradas Machado de Assis (FEMA), receberam mais uma vez a empresa incubada Forno das Miss\u00f5es.<\/p>\n\n\n\n<p>Gabriela Amaral, representante da empresa, que j\u00e1 havia conversado com os estudantes apresentando o case da empresa, voltou a sala de aula para conversar e trocar experi\u00eancias. A Forno das Miss\u00f5es \u00e9 uma Padaria Drive Thrue da regi\u00e3o das Miss\u00f5es que fornece produtos aliment\u00edcios com caracter\u00edsticas artesanais, livres de conservantes e aromatizantes, para atender a consumidores que n\u00e3o abrem m\u00e3o do sabor das coisas simples e da praticidade de preparo.<\/p>\n\n\n\n<p> &#8220;Atrav\u00e9s dessa troca de informa\u00e7\u00f5es e experi\u00eancias as turmas est\u00e3o realizando a an\u00e1lise de cen\u00e1rio econ\u00f4micos e a an\u00e1lise financeira para a incubada. Ao final desta noite tivemos uma confraterniza\u00e7\u00e3o coletiva entre os alunos das diferentes disciplinas&#8221;, destacou a professora M\u00f4nica. <\/p>\n\n\n\n<p>No decorrer do semestre letivo, buscando aproximar a academia do mercado, incubadas e parceiros da IATI &#8211; Incubadora Acad\u00eamica de Tecnologia e Inova\u00e7\u00e3o, participam de atividades em sala de aula desenvolvendo uma forma\u00e7\u00e3o empreendedora e preparando os acad\u00eamicos para pensar formas de interven\u00e7\u00e3o no mundo real e incentiv\u00e1-los ao esp\u00edrito empreendedor.<\/p>\n\n\n\n<figure class=\"wp-block-gallery columns-3 is-cropped wp-block-gallery-1 is-layout-flex wp-block-gallery-is-layout-flex\"><ul class=\"blocks-gallery-grid\"><li class=\"blocks-gallery-item\"><figure><img decoding=\"async\" src=\"https:\/\/www.iatifema.com.br\/wp-content\/uploads\/2023\/11\/1-1024x768.jpeg\" alt=\"\" data-id=\"1907\" data-full-url=\"https:\/\/www.iatifema.com.br\/wp-content\/uploads\/2023\/11\/1.jpeg\" data-link=\"https:\/\/www.iatifema.com.br\/?attachment_id=1907\" class=\"wp-image-1907\"\/><\/figure><\/li><li class=\"blocks-gallery-item\"><figure><img decoding=\"async\" src=\"https:\/\/www.iatifema.com.br\/wp-content\/uploads\/2023\/11\/2-1024x768.jpeg\" alt=\"\" data-id=\"1908\" data-full-url=\"https:\/\/www.iatifema.com.br\/wp-content\/uploads\/2023\/11\/2.jpeg\" data-link=\"https:\/\/www.iatifema.com.br\/?attachment_id=1908\" class=\"wp-image-1908\"\/><\/figure><\/li><li class=\"blocks-gallery-item\"><figure><img decoding=\"async\" src=\"https:\/\/www.iatifema.com.br\/wp-content\/uploads\/2023\/11\/3-1024x576.jpeg\" alt=\"\" data-id=\"1909\" data-full-url=\"https:\/\/www.iatifema.com.br\/wp-content\/uploads\/2023\/11\/3.jpeg\" data-link=\"https:\/\/www.iatifema.com.br\/?attachment_id=1909\" class=\"wp-image-1909\"\/><\/figure><\/li><li class=\"blocks-gallery-item\"><figure><img decoding=\"async\" src=\"https:\/\/www.iatifema.com.br\/wp-content\/uploads\/2023\/11\/4-1024x768.jpeg\" alt=\"\" data-id=\"1910\" data-full-url=\"https:\/\/www.iatifema.com.br\/wp-content\/uploads\/2023\/11\/4.jpeg\" data-link=\"https:\/\/www.iatifema.com.br\/?attachment_id=1910\" class=\"wp-image-1910\"\/><\/figure><\/li><\/ul><\/figure>\n","protected":false},"excerpt":{"rendered":"<p>Os professores Gilson do Amaral, que ministra a disciplina de Introdu\u00e7\u00e3o a Economia, M\u00f4nica Stormowski, que ministra a disciplina de Administra\u00e7\u00e3o Financeira Or\u00e7ament\u00e1ria, e Lauri Heckler, que ministra a disciplina de Administra\u00e7\u00e3o da Produ\u00e7\u00e3o, deram continuidade nesta semana a uma atividade interdisciplinar iniciada no segundo semestre deste ano. Os acad\u00eamicos [&hellip;]<\/p>\n","protected":false},"author":1,"featured_media":0,"comment_status":"closed","ping_status":"closed","sticky":false,"template":"","format":"standard","meta":{"footnotes":""},"categories":[8],"tags":[],"class_list":["post-1906","post","type-post","status-publish","format-standard","hentry","category-noticias-2023"],"_links":{"self":[{"href":"https:\/\/www.iatifema.com.br\/index.php\/wp-json\/wp\/v2\/posts\/1906","targetHints":{"allow":["GET"]}}],"collection":[{"href":"https:\/\/www.iatifema.com.br\/index.php\/wp-json\/wp\/v2\/posts"}],"about":[{"href":"https:\/\/www.iatifema.com.br\/index.php\/wp-json\/wp\/v2\/types\/post"}],"author":[{"embeddable":true,"href":"https:\/\/www.iatifema.com.br\/index.php\/wp-json\/wp\/v2\/users\/1"}],"replies":[{"embeddable":true,"href":"https:\/\/www.iatifema.com.br\/index.php\/wp-json\/wp\/v2\/comments?post=1906"}],"version-history":[{"count":0,"href":"https:\/\/www.iatifema.com.br\/index.php\/wp-json\/wp\/v2\/posts\/1906\/revisions"}],"wp:attachment":[{"href":"https:\/\/www.iatifema.com.br\/index.php\/wp-json\/wp\/v2\/media?parent=1906"}],"wp:term":[{"taxonomy":"category","embeddable":true,"href":"https:\/\/www.iatifema.com.br\/index.php\/wp-json\/wp\/v2\/categories?post=1906"},{"taxonomy":"post_tag","embeddable":true,"href":"https:\/\/www.iatifema.com.br\/index.php\/wp-json\/wp\/v2\/tags?post=1906"}],"curies":[{"name":"wp","href":"https:\/\/api.w.org\/{rel}","templated":true}]}}