{"id":1883,"date":"2023-10-30T13:26:17","date_gmt":"2023-10-30T13:26:17","guid":{"rendered":"https:\/\/www.iatifema.com.br\/?p=1883"},"modified":"2023-10-30T13:26:17","modified_gmt":"2023-10-30T13:26:17","slug":"incubada-da-iati-fema-participa-de-aulas-dos-cursos-de-graduacao-em-administracao-e-ciencias-contabeis","status":"publish","type":"post","link":"https:\/\/www.iatifema.com.br\/index.php\/2023\/10\/30\/incubada-da-iati-fema-participa-de-aulas-dos-cursos-de-graduacao-em-administracao-e-ciencias-contabeis\/","title":{"rendered":"Incubada da IATI FEMA participa de Aulas dos Cursos de Gradua\u00e7\u00e3o em Administra\u00e7\u00e3o e Ci\u00eancias Cont\u00e1beis"},"content":{"rendered":"\n<p>Os empreendedores Ronei Mayer e Elis\u00e2ngela Rossi, propriet\u00e1rios da empresa incubada Digital Help participaram com o case da empresa na disciplina de Projeto Integrador II &#8211; Gest\u00e3o Estrat\u00e9gica e Sustentabilidade, ministrada pelo professor Jonas Bordim.<\/p>\n\n\n\n<p>O foco principal da Digital Help, incubada da IATI (Incubadora Acad\u00eamica de Tecnologia e Inova\u00e7\u00e3o) busca atender demandas relacionadas ao mundo digital atrav\u00e9s de Ferramentas de TI, Ferramentas de Publicidade e\/ou Marketing Digital. <\/p>\n\n\n\n<p>A atividade, que se desdobrou em tr\u00eas etapas ao longo das \u00faltimas semanas e teve como objetivo principal aprimorar a compreens\u00e3o dos alunos sobre a gest\u00e3o estrat\u00e9gica de neg\u00f3cios, auxiliando a empresa com as demandas por ela apresentandas. O foco estava em melhorar o cen\u00e1rio da empresa e ajudar os estudantes a desenvolver habilidades pr\u00e1ticas.<\/p>\n\n\n\n<p>O primeiro momento ocorreu em 05 de outubro, quando os empreendedores Ronei e Elis\u00e2ngela realizaram uma apresenta\u00e7\u00e3o detalhada de sua empresa apresentando demandas espec\u00edficas que desejavam que a turma abordasse e apresentasse novas ideias. Esse encontro foi fundamental para alinhar as expectativas e definir os objetivos do projeto.<\/p>\n\n\n\n<p>No dia 19 de outubro, os estudantes se reuniram em sala de aula para trabalhar intensivamente na elabora\u00e7\u00e3o da Gest\u00e3o Estrat\u00e9gica da empresa e por fim, no dia 26 de outubro, ocorreram as apresenta\u00e7\u00f5es finais em que os acad\u00eamicos apresentaram suas an\u00e1lises e propostas de melhoria para a Digital Help, ocorrendo ent\u00e3o a troca de ideias.<\/p>\n\n\n\n<p>O professor Jonas Bordim destacou a import\u00e2ncia da atividade como uma oportunidade \u00fanica para os alunos aplicarem o conhecimento adquirido em sala de aula em um contexto real de neg\u00f3cios. <\/p>\n\n\n\n<p>A IATI continua a desempenhar um papel vital na promo\u00e7\u00e3o do empreendedorismo e na capacita\u00e7\u00e3o de futuros l\u00edderes empresariais, com participa\u00e7\u00f5es ativas em sala de aula. Esta atividade n\u00e3o apenas enriqueceu a experi\u00eancia educacional dos alunos, mas tamb\u00e9m contribuiu significativamente para o crescimento e aprimoramento da empresa Digital Help. A IATI busca oportunidades de aprendizado pr\u00e1tico e colabora\u00e7\u00f5es valiosas para beneficiar tanto os estudantes quanto os empreendedores locais.<\/p>\n\n\n\n<figure class=\"wp-block-gallery columns-3 is-cropped wp-block-gallery-1 is-layout-flex wp-block-gallery-is-layout-flex\"><ul class=\"blocks-gallery-grid\"><li class=\"blocks-gallery-item\"><figure><img decoding=\"async\" src=\"https:\/\/www.iatifema.com.br\/wp-content\/uploads\/2023\/10\/1-1024x768.jpeg\" alt=\"\" data-id=\"1884\" data-full-url=\"https:\/\/www.iatifema.com.br\/wp-content\/uploads\/2023\/10\/1.jpeg\" data-link=\"https:\/\/www.iatifema.com.br\/?attachment_id=1884\" class=\"wp-image-1884\"\/><\/figure><\/li><li class=\"blocks-gallery-item\"><figure><img decoding=\"async\" src=\"https:\/\/www.iatifema.com.br\/wp-content\/uploads\/2023\/10\/2-1024x718.jpeg\" alt=\"\" data-id=\"1885\" data-full-url=\"https:\/\/www.iatifema.com.br\/wp-content\/uploads\/2023\/10\/2.jpeg\" data-link=\"https:\/\/www.iatifema.com.br\/?attachment_id=1885\" class=\"wp-image-1885\"\/><\/figure><\/li><li class=\"blocks-gallery-item\"><figure><img decoding=\"async\" src=\"https:\/\/www.iatifema.com.br\/wp-content\/uploads\/2023\/10\/3-1024x576.jpeg\" alt=\"\" data-id=\"1886\" data-full-url=\"https:\/\/www.iatifema.com.br\/wp-content\/uploads\/2023\/10\/3.jpeg\" data-link=\"https:\/\/www.iatifema.com.br\/?attachment_id=1886\" class=\"wp-image-1886\"\/><\/figure><\/li><li class=\"blocks-gallery-item\"><figure><img decoding=\"async\" src=\"https:\/\/www.iatifema.com.br\/wp-content\/uploads\/2023\/10\/4-1024x576.jpeg\" alt=\"\" data-id=\"1887\" data-full-url=\"https:\/\/www.iatifema.com.br\/wp-content\/uploads\/2023\/10\/4.jpeg\" data-link=\"https:\/\/www.iatifema.com.br\/?attachment_id=1887\" class=\"wp-image-1887\"\/><\/figure><\/li><li class=\"blocks-gallery-item\"><figure><img decoding=\"async\" src=\"https:\/\/www.iatifema.com.br\/wp-content\/uploads\/2023\/10\/5-1024x576.jpeg\" alt=\"\" data-id=\"1888\" data-full-url=\"https:\/\/www.iatifema.com.br\/wp-content\/uploads\/2023\/10\/5.jpeg\" data-link=\"https:\/\/www.iatifema.com.br\/?attachment_id=1888\" class=\"wp-image-1888\"\/><\/figure><\/li><li class=\"blocks-gallery-item\"><figure><img decoding=\"async\" src=\"https:\/\/www.iatifema.com.br\/wp-content\/uploads\/2023\/10\/6-1024x576.jpeg\" alt=\"\" data-id=\"1889\" data-full-url=\"https:\/\/www.iatifema.com.br\/wp-content\/uploads\/2023\/10\/6.jpeg\" data-link=\"https:\/\/www.iatifema.com.br\/?attachment_id=1889\" class=\"wp-image-1889\"\/><\/figure><\/li><li class=\"blocks-gallery-item\"><figure><img decoding=\"async\" src=\"https:\/\/www.iatifema.com.br\/wp-content\/uploads\/2023\/10\/7-1024x576.jpeg\" alt=\"\" data-id=\"1890\" data-full-url=\"https:\/\/www.iatifema.com.br\/wp-content\/uploads\/2023\/10\/7.jpeg\" data-link=\"https:\/\/www.iatifema.com.br\/?attachment_id=1890\" class=\"wp-image-1890\"\/><\/figure><\/li><\/ul><\/figure>\n","protected":false},"excerpt":{"rendered":"<p>Os empreendedores Ronei Mayer e Elis\u00e2ngela Rossi, propriet\u00e1rios da empresa incubada Digital Help participaram com o case da empresa na disciplina de Projeto Integrador II &#8211; Gest\u00e3o Estrat\u00e9gica e Sustentabilidade, ministrada pelo professor Jonas Bordim. O foco principal da Digital Help, incubada da IATI (Incubadora Acad\u00eamica de Tecnologia e Inova\u00e7\u00e3o) [&hellip;]<\/p>\n","protected":false},"author":1,"featured_media":0,"comment_status":"closed","ping_status":"closed","sticky":false,"template":"","format":"standard","meta":{"footnotes":""},"categories":[8],"tags":[],"class_list":["post-1883","post","type-post","status-publish","format-standard","hentry","category-noticias-2023"],"_links":{"self":[{"href":"https:\/\/www.iatifema.com.br\/index.php\/wp-json\/wp\/v2\/posts\/1883","targetHints":{"allow":["GET"]}}],"collection":[{"href":"https:\/\/www.iatifema.com.br\/index.php\/wp-json\/wp\/v2\/posts"}],"about":[{"href":"https:\/\/www.iatifema.com.br\/index.php\/wp-json\/wp\/v2\/types\/post"}],"author":[{"embeddable":true,"href":"https:\/\/www.iatifema.com.br\/index.php\/wp-json\/wp\/v2\/users\/1"}],"replies":[{"embeddable":true,"href":"https:\/\/www.iatifema.com.br\/index.php\/wp-json\/wp\/v2\/comments?post=1883"}],"version-history":[{"count":0,"href":"https:\/\/www.iatifema.com.br\/index.php\/wp-json\/wp\/v2\/posts\/1883\/revisions"}],"wp:attachment":[{"href":"https:\/\/www.iatifema.com.br\/index.php\/wp-json\/wp\/v2\/media?parent=1883"}],"wp:term":[{"taxonomy":"category","embeddable":true,"href":"https:\/\/www.iatifema.com.br\/index.php\/wp-json\/wp\/v2\/categories?post=1883"},{"taxonomy":"post_tag","embeddable":true,"href":"https:\/\/www.iatifema.com.br\/index.php\/wp-json\/wp\/v2\/tags?post=1883"}],"curies":[{"name":"wp","href":"https:\/\/api.w.org\/{rel}","templated":true}]}}