{"id":1855,"date":"2023-09-29T12:45:06","date_gmt":"2023-09-29T12:45:06","guid":{"rendered":"https:\/\/www.iatifema.com.br\/?p=1855"},"modified":"2023-09-29T12:45:06","modified_gmt":"2023-09-29T12:45:06","slug":"incubada-da-iati-fema-participa-de-aula-de-gestao-estrategica-e-sustentabilidade","status":"publish","type":"post","link":"https:\/\/www.iatifema.com.br\/index.php\/2023\/09\/29\/incubada-da-iati-fema-participa-de-aula-de-gestao-estrategica-e-sustentabilidade\/","title":{"rendered":"Incubada da IATI FEMA participa de Aula de Gest\u00e3o Estrat\u00e9gica e Sustentabilidade"},"content":{"rendered":"\n<p>As empresas incubadas da IATI (Incubadora Acad\u00eamica de Tecnologia e Inova\u00e7\u00e3o, vem participando de forma ativa em sala de aula. O empres\u00e1rio Gabriel Haab apresentou o case da sua empresa na disciplina de Projeto Integrador II &#8211; Gest\u00e3o Estrat\u00e9gica e Sustentabilidade, ministrada pelo professor Jonas Bordim.<\/p>\n\n\n\n<p>A empresa Gabriel Haab Terapeuta apresentou aos acad\u00eamicos dos Cursos de Administra\u00e7\u00e3o e Ci\u00eancias Cont\u00e1beis das Faculdades Integradas Machado de Assis, os servi\u00e7os que presta aos clientes.<\/p>\n\n\n\n<p>A atividade, que se desdobrou em tr\u00eas etapas ao longo das \u00faltimas semanas, teve como objetivo principal aprimorar a compreens\u00e3o dos alunos sobre a gest\u00e3o estrat\u00e9gica de neg\u00f3cios, bem como a import\u00e2ncia da sustentabilidade empresarial. O foco estava em melhorar o cen\u00e1rio da empresa e ajudar os estudantes a desenvolver habilidades pr\u00e1ticas.<\/p>\n\n\n\n<p>O primeiro momento ocorreu em 14 de setembro, quando o empreendedor Gabriel realizou uma apresenta\u00e7\u00e3o detalhada de sua empresa e trouxe as demandas espec\u00edficas que desejava que a turma abordasse e solucionasse. Esse encontro foi fundamental para alinhar as expectativas e definir os objetivos do projeto.<\/p>\n\n\n\n<p>No dia 21 de setembro, os estudantes se reuniram em sala de aula para trabalhar intensivamente na elabora\u00e7\u00e3o da Gest\u00e3o Estrat\u00e9gica da empresa de Gabriel. Durante essa sess\u00e3o, foram discutidas estrat\u00e9gias para melhorar o desempenho do neg\u00f3cio, considerando aspectos como marketing, an\u00e1lise SWOT, funil de vendas e cria\u00e7\u00e3o da persona do cliente ideal.<\/p>\n\n\n\n<p>Por fim, ontem, 28 de setembro, ocorreram as apresenta\u00e7\u00f5es finais. Os alunos apresentaram suas an\u00e1lises e propostas de melhoria para o empreendedor, Gabriel, ocorrendo ent\u00e3o a troca de ideias.<\/p>\n\n\n\n<p>O professor Jonas Bordim destacou a import\u00e2ncia da atividade como uma oportunidade \u00fanica para os alunos aplicarem o conhecimento adquirido em sala de aula em um contexto real de neg\u00f3cios. Ele tamb\u00e9m elogiou a parceria entre a FEMA e a Incubadora de Empresas IATI, destacando que ela proporciona oportunidades valiosas de aprendizado pr\u00e1tico.<\/p>\n\n\n\n<p>A IATI continua a desempenhar um papel vital na promo\u00e7\u00e3o do empreendedorismo e na capacita\u00e7\u00e3o de futuros l\u00edderes empresariais. A colabora\u00e7\u00e3o bem-sucedida entre a FEMA, o professor Jonas Bordim e o empreendedor Gabriel demonstra o compromisso de ambos com a educa\u00e7\u00e3o de qualidade e o desenvolvimento sustent\u00e1vel das empresas.<\/p>\n\n\n\n<p>Esta atividade n\u00e3o apenas enriqueceu a experi\u00eancia educacional dos alunos, mas tamb\u00e9m contribuiu significativamente para o crescimento e aprimoramento da empresa de Gabriel, que agora est\u00e1 melhor preparada para enfrentar os desafios do mercado com estrat\u00e9gias s\u00f3lidas e sustent\u00e1veis.<\/p>\n\n\n\n<p>A IATI continuar\u00e1 a buscar oportunidades de aprendizado pr\u00e1tico e colabora\u00e7\u00f5es valiosas para beneficiar tanto os estudantes quanto os empreendedores locais.<\/p>\n\n\n\n<figure class=\"wp-block-gallery columns-3 is-cropped wp-block-gallery-1 is-layout-flex wp-block-gallery-is-layout-flex\"><ul class=\"blocks-gallery-grid\"><li class=\"blocks-gallery-item\"><figure><img decoding=\"async\" src=\"https:\/\/www.iatifema.com.br\/wp-content\/uploads\/2023\/09\/1-WhatsApp-Image-2023-09-29-at-08.21.27-1024x576.jpeg\" alt=\"\" data-id=\"1856\" data-full-url=\"https:\/\/www.iatifema.com.br\/wp-content\/uploads\/2023\/09\/1-WhatsApp-Image-2023-09-29-at-08.21.27.jpeg\" data-link=\"https:\/\/www.iatifema.com.br\/?attachment_id=1856\" class=\"wp-image-1856\"\/><\/figure><\/li><li class=\"blocks-gallery-item\"><figure><img decoding=\"async\" src=\"https:\/\/www.iatifema.com.br\/wp-content\/uploads\/2023\/09\/2-WhatsApp-Image-2023-09-29-at-08.21.26-1024x685.jpeg\" alt=\"\" data-id=\"1857\" data-full-url=\"https:\/\/www.iatifema.com.br\/wp-content\/uploads\/2023\/09\/2-WhatsApp-Image-2023-09-29-at-08.21.26.jpeg\" data-link=\"https:\/\/www.iatifema.com.br\/?attachment_id=1857\" class=\"wp-image-1857\"\/><\/figure><\/li><li class=\"blocks-gallery-item\"><figure><img decoding=\"async\" src=\"https:\/\/www.iatifema.com.br\/wp-content\/uploads\/2023\/09\/3-WhatsApp-Image-2023-09-29-at-08.21.29-1-1024x576.jpeg\" alt=\"\" data-id=\"1858\" data-full-url=\"https:\/\/www.iatifema.com.br\/wp-content\/uploads\/2023\/09\/3-WhatsApp-Image-2023-09-29-at-08.21.29-1.jpeg\" data-link=\"https:\/\/www.iatifema.com.br\/?attachment_id=1858\" class=\"wp-image-1858\"\/><\/figure><\/li><li class=\"blocks-gallery-item\"><figure><img decoding=\"async\" src=\"https:\/\/www.iatifema.com.br\/wp-content\/uploads\/2023\/09\/4-WhatsApp-Image-2023-09-29-at-08.21.29-1024x576.jpeg\" alt=\"\" data-id=\"1859\" data-full-url=\"https:\/\/www.iatifema.com.br\/wp-content\/uploads\/2023\/09\/4-WhatsApp-Image-2023-09-29-at-08.21.29.jpeg\" data-link=\"https:\/\/www.iatifema.com.br\/?attachment_id=1859\" class=\"wp-image-1859\"\/><\/figure><\/li><li class=\"blocks-gallery-item\"><figure><img decoding=\"async\" src=\"https:\/\/www.iatifema.com.br\/wp-content\/uploads\/2023\/09\/5-WhatsApp-Image-2023-09-29-at-08.21.26-2-1024x576.jpeg\" alt=\"\" data-id=\"1860\" data-full-url=\"https:\/\/www.iatifema.com.br\/wp-content\/uploads\/2023\/09\/5-WhatsApp-Image-2023-09-29-at-08.21.26-2.jpeg\" data-link=\"https:\/\/www.iatifema.com.br\/?attachment_id=1860\" class=\"wp-image-1860\"\/><\/figure><\/li><li class=\"blocks-gallery-item\"><figure><img decoding=\"async\" src=\"https:\/\/www.iatifema.com.br\/wp-content\/uploads\/2023\/09\/6-WhatsApp-Image-2023-09-29-at-08.21.28-1-1024x576.jpeg\" alt=\"\" data-id=\"1861\" data-full-url=\"https:\/\/www.iatifema.com.br\/wp-content\/uploads\/2023\/09\/6-WhatsApp-Image-2023-09-29-at-08.21.28-1.jpeg\" data-link=\"https:\/\/www.iatifema.com.br\/?attachment_id=1861\" class=\"wp-image-1861\"\/><\/figure><\/li><li class=\"blocks-gallery-item\"><figure><img decoding=\"async\" src=\"https:\/\/www.iatifema.com.br\/wp-content\/uploads\/2023\/09\/7-WhatsApp-Image-2023-09-29-at-08.21.25-1024x576.jpeg\" alt=\"\" data-id=\"1862\" data-full-url=\"https:\/\/www.iatifema.com.br\/wp-content\/uploads\/2023\/09\/7-WhatsApp-Image-2023-09-29-at-08.21.25.jpeg\" data-link=\"https:\/\/www.iatifema.com.br\/?attachment_id=1862\" class=\"wp-image-1862\"\/><\/figure><\/li><\/ul><\/figure>\n\n\n\n<div style=\"height:100px\" aria-hidden=\"true\" class=\"wp-block-spacer\"><\/div>\n","protected":false},"excerpt":{"rendered":"<p>As empresas incubadas da IATI (Incubadora Acad\u00eamica de Tecnologia e Inova\u00e7\u00e3o, vem participando de forma ativa em sala de aula. O empres\u00e1rio Gabriel Haab apresentou o case da sua empresa na disciplina de Projeto Integrador II &#8211; Gest\u00e3o Estrat\u00e9gica e Sustentabilidade, ministrada pelo professor Jonas Bordim. A empresa Gabriel Haab [&hellip;]<\/p>\n","protected":false},"author":1,"featured_media":0,"comment_status":"closed","ping_status":"closed","sticky":false,"template":"","format":"standard","meta":{"footnotes":""},"categories":[8],"tags":[],"class_list":["post-1855","post","type-post","status-publish","format-standard","hentry","category-noticias-2023"],"_links":{"self":[{"href":"https:\/\/www.iatifema.com.br\/index.php\/wp-json\/wp\/v2\/posts\/1855","targetHints":{"allow":["GET"]}}],"collection":[{"href":"https:\/\/www.iatifema.com.br\/index.php\/wp-json\/wp\/v2\/posts"}],"about":[{"href":"https:\/\/www.iatifema.com.br\/index.php\/wp-json\/wp\/v2\/types\/post"}],"author":[{"embeddable":true,"href":"https:\/\/www.iatifema.com.br\/index.php\/wp-json\/wp\/v2\/users\/1"}],"replies":[{"embeddable":true,"href":"https:\/\/www.iatifema.com.br\/index.php\/wp-json\/wp\/v2\/comments?post=1855"}],"version-history":[{"count":0,"href":"https:\/\/www.iatifema.com.br\/index.php\/wp-json\/wp\/v2\/posts\/1855\/revisions"}],"wp:attachment":[{"href":"https:\/\/www.iatifema.com.br\/index.php\/wp-json\/wp\/v2\/media?parent=1855"}],"wp:term":[{"taxonomy":"category","embeddable":true,"href":"https:\/\/www.iatifema.com.br\/index.php\/wp-json\/wp\/v2\/categories?post=1855"},{"taxonomy":"post_tag","embeddable":true,"href":"https:\/\/www.iatifema.com.br\/index.php\/wp-json\/wp\/v2\/tags?post=1855"}],"curies":[{"name":"wp","href":"https:\/\/api.w.org\/{rel}","templated":true}]}}