{"id":1836,"date":"2023-08-30T12:54:41","date_gmt":"2023-08-30T12:54:41","guid":{"rendered":"https:\/\/www.iatifema.com.br\/?p=1836"},"modified":"2023-08-30T12:54:41","modified_gmt":"2023-08-30T12:54:41","slug":"empresaria-da-iati-participa-de-aula-para-alunos-de-administracao-ciencias-contabeis-e-recursos-humanos","status":"publish","type":"post","link":"https:\/\/www.iatifema.com.br\/index.php\/2023\/08\/30\/empresaria-da-iati-participa-de-aula-para-alunos-de-administracao-ciencias-contabeis-e-recursos-humanos\/","title":{"rendered":"Empres\u00e1ria da IATI participa de aula para Alunos de Administra\u00e7\u00e3o, Ci\u00eancias Cont\u00e1beis e Recursos Humanos"},"content":{"rendered":"\n<p>Na noite de ontem (29), a sala de aula se transformou em uma fonte de inspira\u00e7\u00e3o para os alunos dos cursos de Administra\u00e7\u00e3o, Ci\u00eancias Cont\u00e1beis e Recursos Humanos. A empres\u00e1ria Solange Kerkhoff Seger, da incubada Clube Turismo, compartilhou sua jornada de sucesso empreendedor, recheada de insights e li\u00e7\u00f5es valiosas.<\/p>\n\n\n\n<p>A aula especial, integrou os conhecimentos das disciplinas de Psicologia nas Organiza\u00e7\u00f5es e Projeto Integrador I: Lideran\u00e7a e Desenvolvimento de Equipes, ministrada pelas professoras Camila C\u00e2mara e Danieli H. Rodrigues, e \u00e9 parte de Atividades de Extens\u00e3o integradas que os componentes curr\u00edculares vem desenvolvendo.<\/p>\n\n\n\n<p>Os t\u00f3picos abordados na aula variaram desde estrat\u00e9gias de motiva\u00e7\u00e3o de equipe at\u00e9 o alinhamento de processos de atendimento e marketing digital assertivo. Solange compartilhou suas experi\u00eancias pr\u00e1ticas, ilustrando como aplicou essas estrat\u00e9gias para construir sua carreira de sucesso na \u00e1rea do turismo. A empresa Clube Turismo \u00e9 uma ag\u00eancia de viagens preparada para tornar as experi\u00eancias de seus clientes \u00fanicas e ajudar a criar as mais lindas lembran\u00e7as.<\/p>\n\n\n\n<p>&#8220;A presen\u00e7a de Solange trouxe um novo \u00e2nimo aos estudantes, motivando-os a enfrentar desafios com criatividade e a buscar solu\u00e7\u00f5es inovadoras. A abordagem pr\u00e1tica da aula n\u00e3o apenas enriqueceu o aprendizado dos alunos, mas tamb\u00e9m os preparou de maneira abrangente para enfrentar os futuros desafios profissionais. As perspectivas valiosas compartilhadas por Solange estimularam debates construtivos e inspiraram os alunos a pensarem de forma mais ampla sobre suas pr\u00f3prias trajet\u00f3rias&#8221;,destacou a professora Danieli.<\/p>\n\n\n\n<p>O evento exemplificou como o compartilhamento de hist\u00f3rias e experi\u00eancias reais pode enriquecer o ambiente de aprendizado, fornecendo aos alunos uma vis\u00e3o do mundo empresarial e incentivando-os a buscar a excel\u00eancia em suas futuras carreiras. Solange Kerkhoff Seger deixou uma impress\u00e3o duradoura, demonstrando que o sucesso \u00e9 alcan\u00e7\u00e1vel com paix\u00e3o, dedica\u00e7\u00e3o e criatividade.<\/p>\n\n\n\n<p>As atividades de extens\u00e3o que as Faculdades Integradas Machado de Assis v\u00eam realizando ao longo do semestre aproximam academia e sociedade e permitem que ambos se fortale\u00e7am e auxiliem-se mutuamente em espa\u00e7os como o da sala de aula. A forma\u00e7\u00e3o empreendedora n\u00e3o se trata apenas de criar empres\u00e1rios. Ela capacita os alunos a pensar de forma criativa, adaptar-se a ambientes em constante mudan\u00e7a e abordar desafios de maneira inovadora, habilidades essenciais em qualquer carreira.<\/p>\n\n\n\n<figure class=\"wp-block-gallery columns-1 is-cropped wp-block-gallery-1 is-layout-flex wp-block-gallery-is-layout-flex\"><ul class=\"blocks-gallery-grid\"><li class=\"blocks-gallery-item\"><figure><img decoding=\"async\" src=\"https:\/\/www.iatifema.com.br\/wp-content\/uploads\/2023\/08\/WhatsApp-Image-2023-08-30-at-09.22.39-1-1024x768.jpeg\" alt=\"\" data-id=\"1837\" data-full-url=\"https:\/\/www.iatifema.com.br\/wp-content\/uploads\/2023\/08\/WhatsApp-Image-2023-08-30-at-09.22.39-1.jpeg\" data-link=\"https:\/\/www.iatifema.com.br\/?attachment_id=1837\" class=\"wp-image-1837\"\/><\/figure><\/li><\/ul><\/figure>\n\n\n\n<figure class=\"wp-block-image size-large\"><img decoding=\"async\" src=\"https:\/\/www.iatifema.com.br\/wp-content\/uploads\/2023\/08\/WhatsApp-Image-2023-08-30-at-09.22.39-1024x768.jpeg\" alt=\"\" class=\"wp-image-1838\"\/><\/figure>\n\n\n\n<figure class=\"wp-block-image size-large\"><img decoding=\"async\" src=\"https:\/\/www.iatifema.com.br\/wp-content\/uploads\/2023\/08\/WhatsApp-Image-2023-08-30-at-09.22.40-1024x768.jpeg\" alt=\"\" class=\"wp-image-1839\"\/><\/figure>\n\n\n\n<div style=\"height:100px\" aria-hidden=\"true\" class=\"wp-block-spacer\"><\/div>\n","protected":false},"excerpt":{"rendered":"<p>Na noite de ontem (29), a sala de aula se transformou em uma fonte de inspira\u00e7\u00e3o para os alunos dos cursos de Administra\u00e7\u00e3o, Ci\u00eancias Cont\u00e1beis e Recursos Humanos. A empres\u00e1ria Solange Kerkhoff Seger, da incubada Clube Turismo, compartilhou sua jornada de sucesso empreendedor, recheada de insights e li\u00e7\u00f5es valiosas. A [&hellip;]<\/p>\n","protected":false},"author":1,"featured_media":0,"comment_status":"closed","ping_status":"closed","sticky":false,"template":"","format":"standard","meta":{"footnotes":""},"categories":[8],"tags":[],"class_list":["post-1836","post","type-post","status-publish","format-standard","hentry","category-noticias-2023"],"_links":{"self":[{"href":"https:\/\/www.iatifema.com.br\/index.php\/wp-json\/wp\/v2\/posts\/1836","targetHints":{"allow":["GET"]}}],"collection":[{"href":"https:\/\/www.iatifema.com.br\/index.php\/wp-json\/wp\/v2\/posts"}],"about":[{"href":"https:\/\/www.iatifema.com.br\/index.php\/wp-json\/wp\/v2\/types\/post"}],"author":[{"embeddable":true,"href":"https:\/\/www.iatifema.com.br\/index.php\/wp-json\/wp\/v2\/users\/1"}],"replies":[{"embeddable":true,"href":"https:\/\/www.iatifema.com.br\/index.php\/wp-json\/wp\/v2\/comments?post=1836"}],"version-history":[{"count":0,"href":"https:\/\/www.iatifema.com.br\/index.php\/wp-json\/wp\/v2\/posts\/1836\/revisions"}],"wp:attachment":[{"href":"https:\/\/www.iatifema.com.br\/index.php\/wp-json\/wp\/v2\/media?parent=1836"}],"wp:term":[{"taxonomy":"category","embeddable":true,"href":"https:\/\/www.iatifema.com.br\/index.php\/wp-json\/wp\/v2\/categories?post=1836"},{"taxonomy":"post_tag","embeddable":true,"href":"https:\/\/www.iatifema.com.br\/index.php\/wp-json\/wp\/v2\/tags?post=1836"}],"curies":[{"name":"wp","href":"https:\/\/api.w.org\/{rel}","templated":true}]}}