{"id":1826,"date":"2023-08-30T11:56:40","date_gmt":"2023-08-30T11:56:40","guid":{"rendered":"https:\/\/www.iatifema.com.br\/?p=1826"},"modified":"2023-08-30T11:56:40","modified_gmt":"2023-08-30T11:56:40","slug":"cursos-de-graduacao-realizam-atividade-interdisciplinar-com-empresa-incubada-iati","status":"publish","type":"post","link":"https:\/\/www.iatifema.com.br\/index.php\/2023\/08\/30\/cursos-de-graduacao-realizam-atividade-interdisciplinar-com-empresa-incubada-iati\/","title":{"rendered":"Cursos de Gradua\u00e7\u00e3o realizam Atividade Interdisciplinar com Empresa Incubada IATI"},"content":{"rendered":"\n<p>Os professores Gilson do Amaral, que ministra a disciplina de Introdu\u00e7\u00e3o a Economia, e M\u00f4nica Stormowski, que ministra a disciplina de Administra\u00e7\u00e3o Financeira Or\u00e7ament\u00e1ria, iniciaram na noite de ontem, 29, uma atividade interdisciplinar nos Cursos de Gradua\u00e7\u00e3o de Administra\u00e7\u00e3o e Ci\u00eancias Cont\u00e1beis, das Faculdades Integradas Machado de Assis (FEMA), com a empresa incubada Forno das Miss\u00f5es.<\/p>\n\n\n\n<p>Gabriela Amaral, representante da empresa, conversou com os acad\u00eamicos e apresentou o case da empresa, uma Padaria Drive Thrue da regi\u00e3o das Miss\u00f5es que fornece produtos aliment\u00edcios com caracter\u00edsticas artesanais, livres de conservantes e aromatizantes, para atender a consumidores que n\u00e3o abrem m\u00e3o do sabor das coisas simples e da praticidade de preparo.<\/p>\n\n\n\n<p>A partir dessas informa\u00e7\u00f5es as turmas passam a realizar a an\u00e1lise de cen\u00e1rio econ\u00f4micos e a analise financeira para a incubada.<\/p>\n\n\n\n<p>\u201cAtividades como essa permitem o protagonismo dos estudantes fazendo com que esses executem os trabalhos com maturidade, propriedade de conhecimento e dedica\u00e7\u00e3o, contando com a orienta\u00e7\u00e3o de seus professores e preparando-os para o mercado de trabalho\u201d, destacou a professora M\u00f4nica. <\/p>\n\n\n\n<p>No decorrer do semestre letivo, buscando aproximar a academia do mercado, incubadas e parceiros da IATI &#8211; Incubadora Acad\u00eamica de Tecnologia e Inova\u00e7\u00e3o, participam de atividades em sala de aula desenvolvendo uma forma\u00e7\u00e3o empreendedora e preparando os acad\u00eamicos para pensar formas de interven\u00e7\u00e3o no mundo real e incentiv\u00e1-los ao esp\u00edrito empreendedor.<\/p>\n\n\n\n<figure class=\"wp-block-image size-large\"><img decoding=\"async\" src=\"https:\/\/www.iatifema.com.br\/wp-content\/uploads\/2023\/08\/1-WhatsApp-Image-2023-08-30-at-08.35.53-1-1024x768.jpeg\" alt=\"\" class=\"wp-image-1827\"\/><\/figure>\n\n\n\n<figure class=\"wp-block-gallery columns-3 is-cropped wp-block-gallery-1 is-layout-flex wp-block-gallery-is-layout-flex\"><ul class=\"blocks-gallery-grid\"><li class=\"blocks-gallery-item\"><figure><img decoding=\"async\" src=\"https:\/\/www.iatifema.com.br\/wp-content\/uploads\/2023\/08\/2-WhatsApp-Image-2023-08-30-at-08.35.57-1-1024x768.jpeg\" alt=\"\" data-id=\"1828\" data-full-url=\"https:\/\/www.iatifema.com.br\/wp-content\/uploads\/2023\/08\/2-WhatsApp-Image-2023-08-30-at-08.35.57-1.jpeg\" data-link=\"https:\/\/www.iatifema.com.br\/?attachment_id=1828\" class=\"wp-image-1828\"\/><\/figure><\/li><li class=\"blocks-gallery-item\"><figure><img decoding=\"async\" src=\"https:\/\/www.iatifema.com.br\/wp-content\/uploads\/2023\/08\/3-WhatsApp-Image-2023-08-30-at-08.35.58-1-1024x768.jpeg\" alt=\"\" data-id=\"1829\" data-full-url=\"https:\/\/www.iatifema.com.br\/wp-content\/uploads\/2023\/08\/3-WhatsApp-Image-2023-08-30-at-08.35.58-1.jpeg\" data-link=\"https:\/\/www.iatifema.com.br\/?attachment_id=1829\" class=\"wp-image-1829\"\/><\/figure><\/li><li class=\"blocks-gallery-item\"><figure><img decoding=\"async\" src=\"https:\/\/www.iatifema.com.br\/wp-content\/uploads\/2023\/08\/4-WhatsApp-Image-2023-08-30-at-08.35.59-1-1024x768.jpeg\" alt=\"\" data-id=\"1830\" data-full-url=\"https:\/\/www.iatifema.com.br\/wp-content\/uploads\/2023\/08\/4-WhatsApp-Image-2023-08-30-at-08.35.59-1.jpeg\" data-link=\"https:\/\/www.iatifema.com.br\/?attachment_id=1830\" class=\"wp-image-1830\"\/><\/figure><\/li><li class=\"blocks-gallery-item\"><figure><img decoding=\"async\" src=\"https:\/\/www.iatifema.com.br\/wp-content\/uploads\/2023\/08\/5-WhatsApp-Image-2023-08-30-at-08.36.01-1-1024x768.jpeg\" alt=\"\" data-id=\"1831\" data-full-url=\"https:\/\/www.iatifema.com.br\/wp-content\/uploads\/2023\/08\/5-WhatsApp-Image-2023-08-30-at-08.36.01-1.jpeg\" data-link=\"https:\/\/www.iatifema.com.br\/?attachment_id=1831\" class=\"wp-image-1831\"\/><\/figure><\/li><li class=\"blocks-gallery-item\"><figure><img decoding=\"async\" src=\"https:\/\/www.iatifema.com.br\/wp-content\/uploads\/2023\/08\/6-WhatsApp-Image-2023-08-30-at-08.36.03-1-1024x768.jpeg\" alt=\"\" data-id=\"1832\" data-full-url=\"https:\/\/www.iatifema.com.br\/wp-content\/uploads\/2023\/08\/6-WhatsApp-Image-2023-08-30-at-08.36.03-1.jpeg\" data-link=\"https:\/\/www.iatifema.com.br\/?attachment_id=1832\" class=\"wp-image-1832\"\/><\/figure><\/li><li class=\"blocks-gallery-item\"><figure><img decoding=\"async\" src=\"https:\/\/www.iatifema.com.br\/wp-content\/uploads\/2023\/08\/7-WhatsApp-Image-2023-08-30-at-08.35.52-1-768x1024.jpeg\" alt=\"\" data-id=\"1833\" data-full-url=\"https:\/\/www.iatifema.com.br\/wp-content\/uploads\/2023\/08\/7-WhatsApp-Image-2023-08-30-at-08.35.52-1.jpeg\" data-link=\"https:\/\/www.iatifema.com.br\/?attachment_id=1833\" class=\"wp-image-1833\"\/><\/figure><\/li><\/ul><\/figure>\n\n\n\n<div style=\"height:100px\" aria-hidden=\"true\" class=\"wp-block-spacer\"><\/div>\n","protected":false},"excerpt":{"rendered":"<p>Os professores Gilson do Amaral, que ministra a disciplina de Introdu\u00e7\u00e3o a Economia, e M\u00f4nica Stormowski, que ministra a disciplina de Administra\u00e7\u00e3o Financeira Or\u00e7ament\u00e1ria, iniciaram na noite de ontem, 29, uma atividade interdisciplinar nos Cursos de Gradua\u00e7\u00e3o de Administra\u00e7\u00e3o e Ci\u00eancias Cont\u00e1beis, das Faculdades Integradas Machado de Assis (FEMA), com [&hellip;]<\/p>\n","protected":false},"author":1,"featured_media":0,"comment_status":"closed","ping_status":"closed","sticky":false,"template":"","format":"standard","meta":{"footnotes":""},"categories":[8],"tags":[],"class_list":["post-1826","post","type-post","status-publish","format-standard","hentry","category-noticias-2023"],"_links":{"self":[{"href":"https:\/\/www.iatifema.com.br\/index.php\/wp-json\/wp\/v2\/posts\/1826","targetHints":{"allow":["GET"]}}],"collection":[{"href":"https:\/\/www.iatifema.com.br\/index.php\/wp-json\/wp\/v2\/posts"}],"about":[{"href":"https:\/\/www.iatifema.com.br\/index.php\/wp-json\/wp\/v2\/types\/post"}],"author":[{"embeddable":true,"href":"https:\/\/www.iatifema.com.br\/index.php\/wp-json\/wp\/v2\/users\/1"}],"replies":[{"embeddable":true,"href":"https:\/\/www.iatifema.com.br\/index.php\/wp-json\/wp\/v2\/comments?post=1826"}],"version-history":[{"count":0,"href":"https:\/\/www.iatifema.com.br\/index.php\/wp-json\/wp\/v2\/posts\/1826\/revisions"}],"wp:attachment":[{"href":"https:\/\/www.iatifema.com.br\/index.php\/wp-json\/wp\/v2\/media?parent=1826"}],"wp:term":[{"taxonomy":"category","embeddable":true,"href":"https:\/\/www.iatifema.com.br\/index.php\/wp-json\/wp\/v2\/categories?post=1826"},{"taxonomy":"post_tag","embeddable":true,"href":"https:\/\/www.iatifema.com.br\/index.php\/wp-json\/wp\/v2\/tags?post=1826"}],"curies":[{"name":"wp","href":"https:\/\/api.w.org\/{rel}","templated":true}]}}