{"id":1641,"date":"2023-05-10T11:22:08","date_gmt":"2023-05-10T11:22:08","guid":{"rendered":"https:\/\/www.iatifema.com.br\/?p=1641"},"modified":"2023-05-10T11:22:08","modified_gmt":"2023-05-10T11:22:08","slug":"planejamento-estrategico-e-tema-de-aula-com-participacao-de-empresas-incubadas","status":"publish","type":"post","link":"https:\/\/www.iatifema.com.br\/index.php\/2023\/05\/10\/planejamento-estrategico-e-tema-de-aula-com-participacao-de-empresas-incubadas\/","title":{"rendered":"Planejamento Estrat\u00e9gico \u00e9 tema de aula com participa\u00e7\u00e3o de Empresas Incubadas"},"content":{"rendered":"\n<p>Buscando uma forma\u00e7\u00e3o empreendedora, as Faculdades Integradas Machado de Assis investem em aulas que preparem os acad\u00eamicos para pensar formas de interven\u00e7\u00e3o no mundo real e incentivem o esp\u00edrito empreendedor.<\/p>\n\n\n\n<p>Na noite de ontem, 09, seis empresas incubadas apresentaram seus cases na disciplina Projeto Integrador II: Gest\u00e3o Estrat\u00e9gica e Sustentabilidade, ministrada pelo professor Nedisson Gessi.<\/p>\n\n\n\n<p>As empresas Forno das Miss\u00f5es, Emporium Low Fit, Mais Sa\u00fade Cosm\u00e9ticos Naturais, Inovativa Web, Empathy e Adriana Gass Terapias Integrativas e Massoterapia receber\u00e3o ao final do semestre um planejamento estrat\u00e9gico completo. A atividade inclui diagn\u00f3sticos, plano de a\u00e7\u00e3o, execu\u00e7\u00e3o e acompanhamento dos resultados com revis\u00e3o das a\u00e7\u00f5es e ajustes necess\u00e1rios.<br> No decorrer da atividade os estudantes receber\u00e3o mentoria das empresas Tavo Palestras e Consultorias e Solus consultoria, tamb\u00e9m incubadas na IATI &#8211; Incubadora Acad\u00eamica de Tecnologia e Inova\u00e7\u00e3o.<\/p>\n\n\n\n<p>&#8220;O planejamento estrat\u00e9gico \u00e9 uma ferramenta fundamental para qualquer empresa, especialmente aquelas que est\u00e3o em processo de incuba\u00e7\u00e3o. Essa atividade foi uma oportunidade \u00fanica para nossos estudantes aprenderem na pr\u00e1tica como aplicar as principais metodologias e t\u00e9cnicas utilizadas no mercado. Al\u00e9m disso, a participa\u00e7\u00e3o das empresas incubadas foi fundamental para trazer exemplos reais e desafios enfrentados por quem j\u00e1 est\u00e1 no mercado. Tenho certeza de que essa experi\u00eancia vai enriquecer ainda mais a forma\u00e7\u00e3o dos nossos estudantes e prepar\u00e1-los para serem empreendedores de sucesso.&#8221;, destaca o professor Nedisson.<\/p>\n\n\n\n<p>No decorrer do semestre letivo, buscando aproximar a academia do mercado, incubadas e parceiros da IATI participam de atividades em sala de aula. O momento ocorreu com os Cursos de Administra\u00e7\u00e3o e Ci\u00eancias Cont\u00e1beis.<\/p>\n\n\n\n<figure class=\"wp-block-gallery columns-3 is-cropped wp-block-gallery-1 is-layout-flex wp-block-gallery-is-layout-flex\"><ul class=\"blocks-gallery-grid\"><li class=\"blocks-gallery-item\"><figure><img decoding=\"async\" src=\"https:\/\/www.iatifema.com.br\/wp-content\/uploads\/2023\/05\/1-1024x768.jpeg\" alt=\"\" data-id=\"1642\" data-full-url=\"https:\/\/www.iatifema.com.br\/wp-content\/uploads\/2023\/05\/1.jpeg\" data-link=\"https:\/\/www.iatifema.com.br\/?attachment_id=1642\" class=\"wp-image-1642\"\/><\/figure><\/li><li class=\"blocks-gallery-item\"><figure><img decoding=\"async\" src=\"https:\/\/www.iatifema.com.br\/wp-content\/uploads\/2023\/05\/2-1024x768.jpeg\" alt=\"\" data-id=\"1643\" data-full-url=\"https:\/\/www.iatifema.com.br\/wp-content\/uploads\/2023\/05\/2.jpeg\" data-link=\"https:\/\/www.iatifema.com.br\/?attachment_id=1643\" class=\"wp-image-1643\"\/><\/figure><\/li><li class=\"blocks-gallery-item\"><figure><img decoding=\"async\" src=\"https:\/\/www.iatifema.com.br\/wp-content\/uploads\/2023\/05\/3-1024x768.jpeg\" alt=\"\" data-id=\"1644\" data-full-url=\"https:\/\/www.iatifema.com.br\/wp-content\/uploads\/2023\/05\/3.jpeg\" data-link=\"https:\/\/www.iatifema.com.br\/?attachment_id=1644\" class=\"wp-image-1644\"\/><\/figure><\/li><li class=\"blocks-gallery-item\"><figure><img decoding=\"async\" src=\"https:\/\/www.iatifema.com.br\/wp-content\/uploads\/2023\/05\/4-768x1024.jpeg\" alt=\"\" data-id=\"1645\" data-full-url=\"https:\/\/www.iatifema.com.br\/wp-content\/uploads\/2023\/05\/4.jpeg\" data-link=\"https:\/\/www.iatifema.com.br\/?attachment_id=1645\" class=\"wp-image-1645\"\/><\/figure><\/li><li class=\"blocks-gallery-item\"><figure><img decoding=\"async\" src=\"https:\/\/www.iatifema.com.br\/wp-content\/uploads\/2023\/05\/5-1024x768.jpeg\" alt=\"\" data-id=\"1646\" data-full-url=\"https:\/\/www.iatifema.com.br\/wp-content\/uploads\/2023\/05\/5.jpeg\" data-link=\"https:\/\/www.iatifema.com.br\/?attachment_id=1646\" class=\"wp-image-1646\"\/><\/figure><\/li><li class=\"blocks-gallery-item\"><figure><img decoding=\"async\" src=\"https:\/\/www.iatifema.com.br\/wp-content\/uploads\/2023\/05\/6-1024x768.jpeg\" alt=\"\" data-id=\"1647\" data-full-url=\"https:\/\/www.iatifema.com.br\/wp-content\/uploads\/2023\/05\/6.jpeg\" data-link=\"https:\/\/www.iatifema.com.br\/?attachment_id=1647\" class=\"wp-image-1647\"\/><\/figure><\/li><li class=\"blocks-gallery-item\"><figure><img decoding=\"async\" src=\"https:\/\/www.iatifema.com.br\/wp-content\/uploads\/2023\/05\/7-1024x768.jpeg\" alt=\"\" data-id=\"1648\" data-full-url=\"https:\/\/www.iatifema.com.br\/wp-content\/uploads\/2023\/05\/7.jpeg\" data-link=\"https:\/\/www.iatifema.com.br\/?attachment_id=1648\" class=\"wp-image-1648\"\/><\/figure><\/li><li class=\"blocks-gallery-item\"><figure><img decoding=\"async\" src=\"https:\/\/www.iatifema.com.br\/wp-content\/uploads\/2023\/05\/8-1024x768.jpeg\" alt=\"\" data-id=\"1649\" data-full-url=\"https:\/\/www.iatifema.com.br\/wp-content\/uploads\/2023\/05\/8.jpeg\" data-link=\"https:\/\/www.iatifema.com.br\/?attachment_id=1649\" class=\"wp-image-1649\"\/><\/figure><\/li><li class=\"blocks-gallery-item\"><figure><img decoding=\"async\" src=\"https:\/\/www.iatifema.com.br\/wp-content\/uploads\/2023\/05\/9-1024x768.jpeg\" alt=\"\" data-id=\"1650\" data-full-url=\"https:\/\/www.iatifema.com.br\/wp-content\/uploads\/2023\/05\/9.jpeg\" data-link=\"https:\/\/www.iatifema.com.br\/?attachment_id=1650\" class=\"wp-image-1650\"\/><\/figure><\/li><li class=\"blocks-gallery-item\"><figure><img decoding=\"async\" src=\"https:\/\/www.iatifema.com.br\/wp-content\/uploads\/2023\/05\/10-1024x768.jpeg\" alt=\"\" data-id=\"1651\" data-full-url=\"https:\/\/www.iatifema.com.br\/wp-content\/uploads\/2023\/05\/10.jpeg\" data-link=\"https:\/\/www.iatifema.com.br\/?attachment_id=1651\" class=\"wp-image-1651\"\/><\/figure><\/li><li class=\"blocks-gallery-item\"><figure><img decoding=\"async\" src=\"https:\/\/www.iatifema.com.br\/wp-content\/uploads\/2023\/05\/11-768x1024.jpeg\" alt=\"\" data-id=\"1652\" data-full-url=\"https:\/\/www.iatifema.com.br\/wp-content\/uploads\/2023\/05\/11.jpeg\" data-link=\"https:\/\/www.iatifema.com.br\/?attachment_id=1652\" class=\"wp-image-1652\"\/><\/figure><\/li><li class=\"blocks-gallery-item\"><figure><img decoding=\"async\" src=\"https:\/\/www.iatifema.com.br\/wp-content\/uploads\/2023\/05\/12-1024x768.jpeg\" alt=\"\" data-id=\"1653\" data-full-url=\"https:\/\/www.iatifema.com.br\/wp-content\/uploads\/2023\/05\/12.jpeg\" data-link=\"https:\/\/www.iatifema.com.br\/?attachment_id=1653\" class=\"wp-image-1653\"\/><\/figure><\/li><li class=\"blocks-gallery-item\"><figure><img decoding=\"async\" src=\"https:\/\/www.iatifema.com.br\/wp-content\/uploads\/2023\/05\/13-768x1024.jpeg\" alt=\"\" data-id=\"1654\" data-full-url=\"https:\/\/www.iatifema.com.br\/wp-content\/uploads\/2023\/05\/13.jpeg\" data-link=\"https:\/\/www.iatifema.com.br\/?attachment_id=1654\" class=\"wp-image-1654\"\/><\/figure><\/li><\/ul><\/figure>\n\n\n\n<div style=\"height:100px\" aria-hidden=\"true\" class=\"wp-block-spacer\"><\/div>\n","protected":false},"excerpt":{"rendered":"<p>Buscando uma forma\u00e7\u00e3o empreendedora, as Faculdades Integradas Machado de Assis investem em aulas que preparem os acad\u00eamicos para pensar formas de interven\u00e7\u00e3o no mundo real e incentivem o esp\u00edrito empreendedor. Na noite de ontem, 09, seis empresas incubadas apresentaram seus cases na disciplina Projeto Integrador II: Gest\u00e3o Estrat\u00e9gica e Sustentabilidade, [&hellip;]<\/p>\n","protected":false},"author":1,"featured_media":0,"comment_status":"closed","ping_status":"closed","sticky":false,"template":"","format":"standard","meta":{"footnotes":""},"categories":[8],"tags":[],"class_list":["post-1641","post","type-post","status-publish","format-standard","hentry","category-noticias-2023"],"_links":{"self":[{"href":"https:\/\/www.iatifema.com.br\/index.php\/wp-json\/wp\/v2\/posts\/1641","targetHints":{"allow":["GET"]}}],"collection":[{"href":"https:\/\/www.iatifema.com.br\/index.php\/wp-json\/wp\/v2\/posts"}],"about":[{"href":"https:\/\/www.iatifema.com.br\/index.php\/wp-json\/wp\/v2\/types\/post"}],"author":[{"embeddable":true,"href":"https:\/\/www.iatifema.com.br\/index.php\/wp-json\/wp\/v2\/users\/1"}],"replies":[{"embeddable":true,"href":"https:\/\/www.iatifema.com.br\/index.php\/wp-json\/wp\/v2\/comments?post=1641"}],"version-history":[{"count":0,"href":"https:\/\/www.iatifema.com.br\/index.php\/wp-json\/wp\/v2\/posts\/1641\/revisions"}],"wp:attachment":[{"href":"https:\/\/www.iatifema.com.br\/index.php\/wp-json\/wp\/v2\/media?parent=1641"}],"wp:term":[{"taxonomy":"category","embeddable":true,"href":"https:\/\/www.iatifema.com.br\/index.php\/wp-json\/wp\/v2\/categories?post=1641"},{"taxonomy":"post_tag","embeddable":true,"href":"https:\/\/www.iatifema.com.br\/index.php\/wp-json\/wp\/v2\/tags?post=1641"}],"curies":[{"name":"wp","href":"https:\/\/api.w.org\/{rel}","templated":true}]}}