{"id":1625,"date":"2023-04-28T13:11:11","date_gmt":"2023-04-28T13:11:11","guid":{"rendered":"https:\/\/www.iatifema.com.br\/?p=1625"},"modified":"2023-04-28T13:11:11","modified_gmt":"2023-04-28T13:11:11","slug":"incubada-da-iati-participa-de-aula-dos-cursos-de-graduacao-da-fema","status":"publish","type":"post","link":"https:\/\/www.iatifema.com.br\/index.php\/2023\/04\/28\/incubada-da-iati-participa-de-aula-dos-cursos-de-graduacao-da-fema\/","title":{"rendered":"Incubada da IATI participa de aula dos Cursos de Gradua\u00e7\u00e3o da FEMA"},"content":{"rendered":"\n<p>A IATI \u2013 Incubadora Acad\u00eamica de Tecnologia e Inova\u00e7\u00e3o, promoveu na noite de ontem, 27, uma atividade diferenciada para o Curso de Administra\u00e7\u00e3o das Faculdades Integradas Machado de Assis.<\/p>\n\n\n\n<p>A atividade ocorreu na disciplina de Administra\u00e7\u00e3o de Recursos Materiais e Patrimoniais, ministrada pela professora M\u00f4nica Stormowski e pelo professor Anderson Pinceta, com o objetivo de trabalhar de forma pr\u00e1tica, atrav\u00e9s de um case real, temas relacionados a compra e venda de mercadorias, mat\u00e9ria-prima e processos.<\/p>\n\n\n\n<p>Desta forma, a empres\u00e1ria Simone Minosso, propriet\u00e1ria da empresa incubada Emporium Low Fit, contou um pouco da sua hist\u00f3ria e explicou o funcionamento da empresa para os acad\u00eamicos. O Emporium Low Fit trabalha com produtos saud\u00e1veis para acompanhar sua rotina. Especializada em alimentos para al\u00e9rgicos oferece produtos integrais, produtos a granel de qualidade, produtos org\u00e2nicos, linhas low-carb, produtos zero gl\u00faten, zero prote\u00edna do leite, zero lactose, produtos veganos, prote\u00ednas para o corpo, entre outras op\u00e7\u00f5es.<\/p>\n\n\n\n<p>No decorrer do semestre, buscando aproximar a academia do mercado, incubadas e parceiros da IATI participam de atividades em sala de aula. \u201cA participa\u00e7\u00e3o de empresas incubadas em sala de aula permite o desenvolvimento de um modelo voltado a aprendizagem centrada no aluno, em que ele \u00e9 promotor do seu aprendizado. A vontade, o conhecimento e o compartilhamento de ideias permitem que nossos acad\u00eamicos desenvolvam a criatividade, o esp\u00edrito empreendedor e estejam preparados para o mercado de trabalho\u201d, destaca a professora M\u00f4nica.<\/p>\n\n\n\n<p>A FEMA investe em tecnologias educacionais e novos m\u00e9todos de aprendizagem para desenvolver profissionais altamente capacitados para enfrentar as demandas de uma sociedade cada vez mais complexa.<\/p>\n\n\n\n<figure class=\"wp-block-image size-large is-resized\"><img loading=\"lazy\" decoding=\"async\" src=\"https:\/\/www.iatifema.com.br\/wp-content\/uploads\/2023\/04\/1.png\" alt=\"\" class=\"wp-image-1626\" width=\"525\" height=\"394\"\/><\/figure>\n\n\n\n<figure class=\"wp-block-image size-large is-resized\"><img loading=\"lazy\" decoding=\"async\" src=\"https:\/\/www.iatifema.com.br\/wp-content\/uploads\/2023\/04\/2.png\" alt=\"\" class=\"wp-image-1627\" width=\"522\" height=\"392\"\/><\/figure>\n\n\n\n<figure class=\"wp-block-image size-large is-resized\"><img loading=\"lazy\" decoding=\"async\" src=\"https:\/\/www.iatifema.com.br\/wp-content\/uploads\/2023\/04\/3.png\" alt=\"\" class=\"wp-image-1628\" width=\"519\" height=\"389\"\/><\/figure>\n\n\n\n<figure class=\"wp-block-image size-large is-resized\"><img loading=\"lazy\" decoding=\"async\" src=\"https:\/\/www.iatifema.com.br\/wp-content\/uploads\/2023\/04\/4-1.jpg\" alt=\"\" class=\"wp-image-1629\" width=\"516\" height=\"387\"\/><\/figure>\n","protected":false},"excerpt":{"rendered":"<p>A IATI \u2013 Incubadora Acad\u00eamica de Tecnologia e Inova\u00e7\u00e3o, promoveu na noite de ontem, 27, uma atividade diferenciada para o Curso de Administra\u00e7\u00e3o das Faculdades Integradas Machado de Assis. A atividade ocorreu na disciplina de Administra\u00e7\u00e3o de Recursos Materiais e Patrimoniais, ministrada pela professora M\u00f4nica Stormowski e pelo professor Anderson [&hellip;]<\/p>\n","protected":false},"author":1,"featured_media":0,"comment_status":"closed","ping_status":"closed","sticky":false,"template":"","format":"standard","meta":{"footnotes":""},"categories":[8],"tags":[],"class_list":["post-1625","post","type-post","status-publish","format-standard","hentry","category-noticias-2023"],"_links":{"self":[{"href":"https:\/\/www.iatifema.com.br\/index.php\/wp-json\/wp\/v2\/posts\/1625","targetHints":{"allow":["GET"]}}],"collection":[{"href":"https:\/\/www.iatifema.com.br\/index.php\/wp-json\/wp\/v2\/posts"}],"about":[{"href":"https:\/\/www.iatifema.com.br\/index.php\/wp-json\/wp\/v2\/types\/post"}],"author":[{"embeddable":true,"href":"https:\/\/www.iatifema.com.br\/index.php\/wp-json\/wp\/v2\/users\/1"}],"replies":[{"embeddable":true,"href":"https:\/\/www.iatifema.com.br\/index.php\/wp-json\/wp\/v2\/comments?post=1625"}],"version-history":[{"count":0,"href":"https:\/\/www.iatifema.com.br\/index.php\/wp-json\/wp\/v2\/posts\/1625\/revisions"}],"wp:attachment":[{"href":"https:\/\/www.iatifema.com.br\/index.php\/wp-json\/wp\/v2\/media?parent=1625"}],"wp:term":[{"taxonomy":"category","embeddable":true,"href":"https:\/\/www.iatifema.com.br\/index.php\/wp-json\/wp\/v2\/categories?post=1625"},{"taxonomy":"post_tag","embeddable":true,"href":"https:\/\/www.iatifema.com.br\/index.php\/wp-json\/wp\/v2\/tags?post=1625"}],"curies":[{"name":"wp","href":"https:\/\/api.w.org\/{rel}","templated":true}]}}