{"id":1587,"date":"2023-03-31T20:03:27","date_gmt":"2023-03-31T20:03:27","guid":{"rendered":"https:\/\/www.iatifema.com.br\/?p=1587"},"modified":"2023-03-31T20:03:27","modified_gmt":"2023-03-31T20:03:27","slug":"assinatura-de-termo-de-cooperacao-entre-a-jm-bio-assessoria-e-consultoria-ambiental-e-as-faculdades-integradas-machado-de-assis-fema","status":"publish","type":"post","link":"https:\/\/www.iatifema.com.br\/index.php\/2023\/03\/31\/assinatura-de-termo-de-cooperacao-entre-a-jm-bio-assessoria-e-consultoria-ambiental-e-as-faculdades-integradas-machado-de-assis-fema\/","title":{"rendered":"Assinatura de Termo de Coopera\u00e7\u00e3o entre a JM BIO Assessoria e Consultoria Ambiental e as Faculdades Integradas Machado de Assis\/FEMA"},"content":{"rendered":"\n<p>Assinatura de Termo de Coopera\u00e7\u00e3o entre a JM BIO Assessoria e Consultoria Ambiental e as Faculdades Integradas Machado de Assis\/FEMA<\/p>\n\n\n\n<p>Na tarde desta quinta-feira, dia 30 de mar\u00e7o, ocorreu junto as depend\u00eancias da Faculdades Integradas Machado de Assis\/FEMA, uma reuni\u00e3o para a assinatura de um Termo de Coopera\u00e7\u00e3o entre a JM BIO Assessoria e Consultoria Ambiental e a FEMA.<\/p>\n\n\n\n<p>A partir dos objetivos que resultam comuns e convergentes, as partes desejam promover conjuntamente atividades de coopera\u00e7\u00e3o, capacita\u00e7\u00e3o, aperfei\u00e7oamento e atualiza\u00e7\u00e3o profissional destinada a buscar formas de minimizar seus impactos no meio ambiente, construir um mundo mais justo e respons\u00e1vel para as pessoas em seu entorno e manter os melhores processos de administra\u00e7\u00e3o.<\/p>\n\n\n\n<p>Para as Faculdades Integradas Machado de Assis essa \u00e9 mais uma forma de incentivar os acad\u00eamicos a desenvolver uma percep\u00e7\u00e3o interdisciplinar, a partir das abordagens das diferentes demandas que surgirem, e a prestarem informa\u00e7\u00f5es claras e precisas, experenciando, ainda enquanto acad\u00eamicos, os poss\u00edveis desafios de sua futura atua\u00e7\u00e3o profissional.<\/p>\n\n\n\n<figure class=\"wp-block-image size-large\"><img decoding=\"async\" src=\"https:\/\/www.iatifema.com.br\/wp-content\/uploads\/2023\/03\/02a3c67e-3788-4b97-81aa-844ba3b4a274-768x1024.png\" alt=\"\" class=\"wp-image-1588\"\/><\/figure>\n\n\n\n<div style=\"height:100px\" aria-hidden=\"true\" class=\"wp-block-spacer\"><\/div>\n","protected":false},"excerpt":{"rendered":"<p>Assinatura de Termo de Coopera\u00e7\u00e3o entre a JM BIO Assessoria e Consultoria Ambiental e as Faculdades Integradas Machado de Assis\/FEMA Na tarde desta quinta-feira, dia 30 de mar\u00e7o, ocorreu junto as depend\u00eancias da Faculdades Integradas Machado de Assis\/FEMA, uma reuni\u00e3o para a assinatura de um Termo de Coopera\u00e7\u00e3o entre a [&hellip;]<\/p>\n","protected":false},"author":1,"featured_media":0,"comment_status":"closed","ping_status":"closed","sticky":false,"template":"","format":"standard","meta":{"footnotes":""},"categories":[8],"tags":[],"class_list":["post-1587","post","type-post","status-publish","format-standard","hentry","category-noticias-2023"],"_links":{"self":[{"href":"https:\/\/www.iatifema.com.br\/index.php\/wp-json\/wp\/v2\/posts\/1587","targetHints":{"allow":["GET"]}}],"collection":[{"href":"https:\/\/www.iatifema.com.br\/index.php\/wp-json\/wp\/v2\/posts"}],"about":[{"href":"https:\/\/www.iatifema.com.br\/index.php\/wp-json\/wp\/v2\/types\/post"}],"author":[{"embeddable":true,"href":"https:\/\/www.iatifema.com.br\/index.php\/wp-json\/wp\/v2\/users\/1"}],"replies":[{"embeddable":true,"href":"https:\/\/www.iatifema.com.br\/index.php\/wp-json\/wp\/v2\/comments?post=1587"}],"version-history":[{"count":0,"href":"https:\/\/www.iatifema.com.br\/index.php\/wp-json\/wp\/v2\/posts\/1587\/revisions"}],"wp:attachment":[{"href":"https:\/\/www.iatifema.com.br\/index.php\/wp-json\/wp\/v2\/media?parent=1587"}],"wp:term":[{"taxonomy":"category","embeddable":true,"href":"https:\/\/www.iatifema.com.br\/index.php\/wp-json\/wp\/v2\/categories?post=1587"},{"taxonomy":"post_tag","embeddable":true,"href":"https:\/\/www.iatifema.com.br\/index.php\/wp-json\/wp\/v2\/tags?post=1587"}],"curies":[{"name":"wp","href":"https:\/\/api.w.org\/{rel}","templated":true}]}}