{"id":155,"date":"2020-11-05T13:24:25","date_gmt":"2020-11-05T13:24:25","guid":{"rendered":"http:\/\/www.iatifema.com.br\/?p=155"},"modified":"2020-11-05T13:24:25","modified_gmt":"2020-11-05T13:24:25","slug":"reuniao-agregar-professores-de-direito","status":"publish","type":"post","link":"https:\/\/www.iatifema.com.br\/index.php\/2020\/11\/05\/reuniao-agregar-professores-de-direito\/","title":{"rendered":"Reuni\u00e3o Agregar\/professores de Direito"},"content":{"rendered":"\n<p>No dia 1\u00ba\/07\/2019 foi realizada\numa Reuni\u00e3o, na Unidade 3 da FEMA com a presen\u00e7a dos professores Renata Maciel,\nAdriano Nedel e Rosemeri Cancian para dar continuidade a 2\u00aa parte da demanda da\nEmpresa Agregar: Licen\u00e7a de uso de software.<\/p>\n\n\n\n<p>Na ocasi\u00e3o ficou estabelecido que\nos professores organizar\u00e3o a atividade para trabalhar em suas disciplinas no 2\u00ba\nsemestre deste ano e foi criado em grupo de Whatsapp para organizar o\nandamento.<\/p>\n","protected":false},"excerpt":{"rendered":"<p>No dia 1\u00ba\/07\/2019 foi realizada uma Reuni\u00e3o, na Unidade 3 da FEMA com a presen\u00e7a dos professores Renata Maciel, Adriano Nedel e Rosemeri Cancian para dar continuidade a 2\u00aa parte da demanda da Empresa Agregar: Licen\u00e7a de uso de software. Na ocasi\u00e3o ficou estabelecido que os professores organizar\u00e3o a atividade [&hellip;]<\/p>\n","protected":false},"author":1,"featured_media":0,"comment_status":"closed","ping_status":"closed","sticky":false,"template":"","format":"standard","meta":{"footnotes":""},"categories":[4],"tags":[],"class_list":["post-155","post","type-post","status-publish","format-standard","hentry","category-noticias-2019"],"_links":{"self":[{"href":"https:\/\/www.iatifema.com.br\/index.php\/wp-json\/wp\/v2\/posts\/155","targetHints":{"allow":["GET"]}}],"collection":[{"href":"https:\/\/www.iatifema.com.br\/index.php\/wp-json\/wp\/v2\/posts"}],"about":[{"href":"https:\/\/www.iatifema.com.br\/index.php\/wp-json\/wp\/v2\/types\/post"}],"author":[{"embeddable":true,"href":"https:\/\/www.iatifema.com.br\/index.php\/wp-json\/wp\/v2\/users\/1"}],"replies":[{"embeddable":true,"href":"https:\/\/www.iatifema.com.br\/index.php\/wp-json\/wp\/v2\/comments?post=155"}],"version-history":[{"count":0,"href":"https:\/\/www.iatifema.com.br\/index.php\/wp-json\/wp\/v2\/posts\/155\/revisions"}],"wp:attachment":[{"href":"https:\/\/www.iatifema.com.br\/index.php\/wp-json\/wp\/v2\/media?parent=155"}],"wp:term":[{"taxonomy":"category","embeddable":true,"href":"https:\/\/www.iatifema.com.br\/index.php\/wp-json\/wp\/v2\/categories?post=155"},{"taxonomy":"post_tag","embeddable":true,"href":"https:\/\/www.iatifema.com.br\/index.php\/wp-json\/wp\/v2\/tags?post=155"}],"curies":[{"name":"wp","href":"https:\/\/api.w.org\/{rel}","templated":true}]}}